{"id":5114,"date":"2025-11-20T13:54:15","date_gmt":"2025-11-20T13:54:15","guid":{"rendered":"https:\/\/dizainoarkliukas.lt\/?p=5114"},"modified":"2025-11-20T13:54:15","modified_gmt":"2025-11-20T13:54:15","slug":"vilnius-atnaujina-mokiniu-priemimo-tvarka-kas-keiciasi-tevams-ir-mokykloms","status":"publish","type":"post","link":"https:\/\/dizainoarkliukas.lt\/?p=5114","title":{"rendered":"Vilnius atnaujina mokini\u0173 pri\u0117mimo tvark\u0105 \u2013 kas kei\u010diasi t\u0117vams ir mokykloms?"},"content":{"rendered":"<p><\/p>\n<div>\n<div class=\"g g-70\">\n<div class=\"g-single a-213\"><\/div>\n<\/div>\n<p><strong>Vilniaus miesto savivaldyb\u0117s taryboje patvirtinta nauja pri\u0117mimo tvarka \u012f sostin\u0117s bendrojo ugdymo mokyklas. <\/strong><\/p>\n<p>Pagal savivaldyb\u0117s administracijos parengtus pakeitimus, pri\u0117mimo procesas ankstinamas vienu m\u0117nesiu, kad didel\u0117 dalis moksleivi\u0173 jau \u017einot\u0173 savo b\u016bsim\u0105 mokykl\u0105 prie\u0161 vasar\u0105. Taip pat patikslinta dokument\u0173 pateikimo tvarka, pra\u0161ym\u0173 nagrin\u0117jimo etapai, rezultat\u0173 paskelbimo datos ir sutar\u010di\u0173 pasira\u0161ymo terminas.<\/p>\n<p>Priimtas sprendimas ir d\u0117l papildom\u0173 klasi\u0173 steigimo tankiausiai apgyvendintose teritorijose, kur numatomas didelis moksleivi\u0173 skai\u010diaus augimas kitais mokslo metais. Si\u016blomi pakeitimai pad\u0117s suvienodinti praktik\u0105 visose mokyklose ir u\u017etikrinti efektyvesn\u012f, ai\u0161kesn\u012f bei t\u0117vams patogesn\u012f pri\u0117mimo proces\u0105.<\/p>\n<blockquote>\n<p>\u201e\u0160iemet 90 proc. sostin\u0117s moksleivi\u0173 gavo 1 ar 2 prioritetu pageidaujam\u0105 ugdymo \u012fstaig\u0105, bet matau, kad procesas turi b\u016bti sklandesnis. Vis\u0173 pirma, mes siekiame, kad did\u017eioji dalis moksleivi\u0173 jau iki bir\u017eelio 1 d. gal\u0117t\u0173 tur\u0117ti viet\u0105 mokykloje. Antra, steigiame papildomas klases visame Vilniuje, daugiausia gimnazistams. Tre\u010dia, grie\u017etiname pri\u0117mimo s\u0105lygas Vilniaus mieste nedeklaruotiems gyventojams \u2013 jie \u012f bet koki\u0105 Vilniaus miesto mokykl\u0105 gal\u0117s b\u016bti priimti, jei bus laisv\u0173 viet\u0173, tik nuo rugpj\u016b\u010dio 25 d.,\u201c \u2013 sako vicemeras Vytautas Mitalas.<\/p>\n<\/blockquote>\n<p>Pagrindinis ir esminis pakeitimas \u2013 pri\u0117mimo \u012f mokyklas proceso paankstinimas vienu m\u0117nesiu. Pra\u0161ym\u0173 pateikimas per e. sistem\u0105 prasid\u0117s nuo vasario 1 d., o pirmojo pri\u0117mimo rezultatai bus paskelbti gegu\u017e\u0117s m\u0117nes\u012f. Tai leis mokykloms anks\u010diau formuoti klases, ramiai planuoti finansavim\u0105 ir \u017emogi\u0161kuosius i\u0161teklius, efektyviau organizuoti ugdymo proces\u0105, o t\u0117vai grei\u010diau su\u017einos, ar j\u0173 vaikas pateko \u012f pasirinkt\u0105 mokykl\u0105.<\/p>\n<p>Atnaujinimuose numatyti ai\u0161kesni deklaravimo terminai, detalizuotos taisykl\u0117s d\u0117l daugiavaik\u0117s \u0161eimos statuso pagrindimo, patikslintos nuostatos d\u0117l reemigrant\u0173 vaik\u0173 pri\u0117mimo ir deklaracijos termino atitikties teritorijoje. Taip pat mokymo sutarties pasira\u0161ymo terminas sutrumpinamas iki 10 dien\u0173. Pakeitimai pad\u0117s t\u0117vams tiksliau suprasti, kokie kriterijai taikomi ir kokius dokumentus b\u016btina pateikti mokini\u0173 pri\u0117mimo e. sistemoje \u2013 tai suma\u017eins klaid\u0173 tikimyb\u0119.<\/p>\n<p>Atnaujinta mokini\u0173 pri\u0117mimo tvarka pad\u0117s ir tarp miesto mokykl\u0173 tolygiau paskirstyti mokinius, turin\u010dius speciali\u0173j\u0173 ugdymosi poreiki\u0173. \u0160i\u0173 mokini\u0173 ugdymui neretai reikia papildom\u0173 specialist\u0173 \u2013 speciali\u0173j\u0173 pedagog\u0173, psicholog\u0173, logoped\u0173, asistent\u0173 \u2013 ir tam tikr\u0173 specifini\u0173 priemoni\u0173. Pri\u0117mimo grafiko paankstinimas suteikia mokykloms daugiau laiko pasir\u016bpinti reikiama pagalba nuo pat mokslo met\u0173 prad\u017eios.<\/p>\n<p>Savivaldyb\u0117, tur\u0117dama ankstyvus duomenis apie mokini\u0173 srautus, gal\u0117s operatyviau spr\u0119sti mokykl\u0173 apkrovimo klausimus, prireikus nukreipti mokinius \u012f artimiausias laisv\u0173 viet\u0173 turin\u010dias \u012fstaigas ir i\u0161vengti perpildyt\u0173 klasi\u0173. \u0160eimoms, kurios \u012f mokykl\u0105 i\u0161leid\u017eia pirmokus, ankstyvas grafikas leis laiku pasir\u016bpinti sveikatos pa\u017eymomis, mokyklin\u0117mis priemon\u0117mis, supa\u017eindinti vaik\u0105 su b\u016bsima aplinka ir suma\u017einti adaptacijos stres\u0105.<\/p>\n<p>Visa informacija apie pri\u0117mim\u0105 \u012f mokyklas bus centralizuotai skelbiama e. sistemoje ir interneto svetain\u0117je svietimas.vilnius.lt, skiltyje \u201eAktuali informacija\u201c nuo sausio 1 d. Da\u017eniausiai u\u017eduodamiems klausimams atsakyti ruo\u0161iamas pokalbi\u0173 robotas, integruotas su Skambu\u010di\u0173 centru. \u012e esminius klausimus atsakymai bus suteikiami ir savaitgaliais.<\/p>\n<p>Siekiant u\u017etikrinti \u0161vietimo prieinamum\u0105 visiems, tvarkos apra\u0161e numatyta, kad Savivaldyb\u0117s \u012fgalioti darbuotojai pad\u0117s pra\u0161ymus pildyti asmenims be pilietyb\u0117s ar u\u017esienio valstybi\u0173 pilie\u010diams, neturintiems Lietuvos asmens kodo. \u0160i nuostata ypa\u010d aktuali naujai atvykstan\u010dioms \u0161eimoms, kurios da\u017enai susiduria su technin\u0117mis kli\u016btimis, naudojantis e. sistema.<\/p>\n<p>Atnaujinta pri\u0117mimo \u012f mokyklas tvarka leis Vilniaus mokykloms veikti efektyviau, o t\u0117vams \u2013 ai\u0161kiau suprasti pri\u0117mimo proces\u0105. Pakeitimai prisid\u0117s prie sklandesnio, efektyvesnio, greitesnio ir visiems vaikams prieinamo \u0161vietimo sistemos veikimo sostin\u0117je.<\/p>\n<p>Savivaldyb\u0117 tikisi, kad centralizuotai visai Lietuvai kuriama pri\u0117mimo \u012f mokyklas sistema kit\u0105met bus i\u0161bandyta ma\u017eesn\u0117se savivaldyb\u0117se ir Vilnius prie jos gal\u0117s pereiti nuo 2027 m. met\u0173.<\/p>\n<div class=\"g g-82\">\n<div class=\"g-single a-233\"><img decoding=\"async\" src=\"https:\/\/miestonaujienos.lt\/wp-content\/uploads\/2015\/12\/savivaldybiu-zinios-reklama-miesto-naujienos.jpg\" width=\"100%\"\/><\/div>\n<\/div>\n<\/div>\n<p><script>(function(d, s, id) {\nvar js, fjs = d.getElementsByTagName(s)(0);\nif (d.getElementById(id)) return;\njs = d.createElement(s); js.id = id;\njs.src = \"\/\/connect.facebook.net\/lt_LT\/sdk.js#xfbml=1&version=v2.10\";\nfjs.parentNode.insertBefore(js, fjs);\n}(document, 'script', 'facebook-jssdk'));<\/script><a href=\"https:\/\/miestonaujienos.lt\/vilnius-atnaujina-mokiniu-priemimo-tvarka-kas-keiciasi-tevams-ir-mokykloms\/\"> Nuoroda \u012f informacijos \u0161altin\u012f <\/a><\/p>\n","protected":false},"excerpt":{"rendered":"<p>Vilniaus miesto savivaldyb\u0117s taryboje patvirtinta nauja pri\u0117mimo tvarka \u012f sostin\u0117s bendrojo ugdymo mokyklas. Pagal savivaldyb\u0117s administracijos parengtus pakeitimus, pri\u0117mimo procesas&hellip;<\/p>\n","protected":false},"author":1,"featured_media":5115,"comment_status":"","ping_status":"","sticky":false,"template":"","format":"standard","meta":{"om_disable_all_campaigns":false,"_monsterinsights_skip_tracking":false,"_monsterinsights_sitenote_active":false,"_monsterinsights_sitenote_note":"","_monsterinsights_sitenote_category":0,"footnotes":""},"categories":[51],"tags":[7677,283,6506,1068,1456,1313,912,1862,1982],"class_list":["post-5114","post","type-post","status-publish","format-standard","has-post-thumbnail","hentry","category-svietimas-ir-mokslas","tag-atnaujina","tag-kas","tag-keiciasi","tag-mokiniu","tag-mokykloms","tag-priemimo","tag-tevams","tag-tvarka","tag-vilnius"],"aioseo_notices":[],"yoast_head":"<!-- This site is optimized with the Yoast SEO plugin v26.8 - https:\/\/yoast.com\/product\/yoast-seo-wordpress\/ -->\n<title>Vilnius atnaujina mokini\u0173 pri\u0117mimo tvark\u0105 \u2013 kas kei\u010diasi t\u0117vams ir mokykloms? - DizainoArkliukas.LT<\/title>\n<meta name=\"robots\" content=\"index, follow, max-snippet:-1, max-image-preview:large, max-video-preview:-1\" \/>\n<link rel=\"canonical\" href=\"https:\/\/dizainoarkliukas.lt\/?p=5114\" \/>\n<meta property=\"og:locale\" content=\"lt_LT\" \/>\n<meta property=\"og:type\" content=\"article\" \/>\n<meta property=\"og:title\" content=\"Vilnius atnaujina mokini\u0173 pri\u0117mimo tvark\u0105 \u2013 kas kei\u010diasi t\u0117vams ir mokykloms? - DizainoArkliukas.LT\" \/>\n<meta property=\"og:description\" content=\"Vilniaus miesto savivaldyb\u0117s taryboje patvirtinta nauja pri\u0117mimo tvarka \u012f sostin\u0117s bendrojo ugdymo mokyklas. Pagal savivaldyb\u0117s administracijos parengtus pakeitimus, pri\u0117mimo procesas&hellip;\" \/>\n<meta property=\"og:url\" content=\"https:\/\/dizainoarkliukas.lt\/?p=5114\" \/>\n<meta property=\"og:site_name\" content=\"DizainoArkliukas.LT\" \/>\n<meta property=\"article:published_time\" content=\"2025-11-20T13:54:15+00:00\" \/>\n<meta property=\"og:image\" content=\"https:\/\/miestonaujienos.lt\/wp-content\/uploads\/2015\/12\/pranesimu-spaudai-platinimas.jpg\" \/>\n<meta name=\"author\" content=\"admin\" \/>\n<meta name=\"twitter:card\" content=\"summary_large_image\" \/>\n<meta name=\"twitter:label1\" content=\"Written by\" \/>\n\t<meta name=\"twitter:data1\" content=\"admin\" \/>\n\t<meta name=\"twitter:label2\" content=\"Est. reading time\" \/>\n\t<meta name=\"twitter:data2\" content=\"3 minut\u0117s\" \/>\n<script type=\"application\/ld+json\" class=\"yoast-schema-graph\">{\"@context\":\"https:\/\/schema.org\",\"@graph\":[{\"@type\":\"Article\",\"@id\":\"https:\/\/dizainoarkliukas.lt\/?p=5114#article\",\"isPartOf\":{\"@id\":\"https:\/\/dizainoarkliukas.lt\/?p=5114\"},\"author\":{\"name\":\"admin\",\"@id\":\"https:\/\/dizainoarkliukas.lt\/#\/schema\/person\/df455e1ad6975b49e5033c007baf6d7c\"},\"headline\":\"Vilnius atnaujina mokini\u0173 pri\u0117mimo tvark\u0105 \u2013 kas kei\u010diasi t\u0117vams ir mokykloms?\",\"datePublished\":\"2025-11-20T13:54:15+00:00\",\"mainEntityOfPage\":{\"@id\":\"https:\/\/dizainoarkliukas.lt\/?p=5114\"},\"wordCount\":617,\"image\":{\"@id\":\"https:\/\/dizainoarkliukas.lt\/?p=5114#primaryimage\"},\"thumbnailUrl\":\"https:\/\/dizainoarkliukas.lt\/wp-content\/uploads\/2025\/11\/Vilnius-atnaujina-mokiniu-priemimo-tvarka-\u2013-kas-keiciasi-tevams-ir.jpg\",\"keywords\":[\"atnaujina\",\"Kas\",\"kei\u010diasi\",\"mokini\u0173\",\"mokykloms\",\"pri\u0117mimo\",\"t\u0117vams\",\"tvark\u0105\",\"VILNIUS\"],\"articleSection\":[\"\u0160VIETIMAS IR MOKSLAS\"],\"inLanguage\":\"lt-LT\"},{\"@type\":\"WebPage\",\"@id\":\"https:\/\/dizainoarkliukas.lt\/?p=5114\",\"url\":\"https:\/\/dizainoarkliukas.lt\/?p=5114\",\"name\":\"Vilnius atnaujina mokini\u0173 pri\u0117mimo tvark\u0105 \u2013 kas kei\u010diasi t\u0117vams ir mokykloms? - DizainoArkliukas.LT\",\"isPartOf\":{\"@id\":\"https:\/\/dizainoarkliukas.lt\/#website\"},\"primaryImageOfPage\":{\"@id\":\"https:\/\/dizainoarkliukas.lt\/?p=5114#primaryimage\"},\"image\":{\"@id\":\"https:\/\/dizainoarkliukas.lt\/?p=5114#primaryimage\"},\"thumbnailUrl\":\"https:\/\/dizainoarkliukas.lt\/wp-content\/uploads\/2025\/11\/Vilnius-atnaujina-mokiniu-priemimo-tvarka-\u2013-kas-keiciasi-tevams-ir.jpg\",\"datePublished\":\"2025-11-20T13:54:15+00:00\",\"author\":{\"@id\":\"https:\/\/dizainoarkliukas.lt\/#\/schema\/person\/df455e1ad6975b49e5033c007baf6d7c\"},\"breadcrumb\":{\"@id\":\"https:\/\/dizainoarkliukas.lt\/?p=5114#breadcrumb\"},\"inLanguage\":\"lt-LT\",\"potentialAction\":[{\"@type\":\"ReadAction\",\"target\":[\"https:\/\/dizainoarkliukas.lt\/?p=5114\"]}]},{\"@type\":\"ImageObject\",\"inLanguage\":\"lt-LT\",\"@id\":\"https:\/\/dizainoarkliukas.lt\/?p=5114#primaryimage\",\"url\":\"https:\/\/dizainoarkliukas.lt\/wp-content\/uploads\/2025\/11\/Vilnius-atnaujina-mokiniu-priemimo-tvarka-\u2013-kas-keiciasi-tevams-ir.jpg\",\"contentUrl\":\"https:\/\/dizainoarkliukas.lt\/wp-content\/uploads\/2025\/11\/Vilnius-atnaujina-mokiniu-priemimo-tvarka-\u2013-kas-keiciasi-tevams-ir.jpg\",\"width\":1200,\"height\":800},{\"@type\":\"BreadcrumbList\",\"@id\":\"https:\/\/dizainoarkliukas.lt\/?p=5114#breadcrumb\",\"itemListElement\":[{\"@type\":\"ListItem\",\"position\":1,\"name\":\"Home\",\"item\":\"https:\/\/dizainoarkliukas.lt\/\"},{\"@type\":\"ListItem\",\"position\":2,\"name\":\"Vilnius atnaujina mokini\u0173 pri\u0117mimo tvark\u0105 \u2013 kas kei\u010diasi t\u0117vams ir mokykloms?\"}]},{\"@type\":\"WebSite\",\"@id\":\"https:\/\/dizainoarkliukas.lt\/#website\",\"url\":\"https:\/\/dizainoarkliukas.lt\/\",\"name\":\"DizainoArkliukas.LT\",\"description\":\"Interneto technologijos, blok\u0173 grandin\u0117s, kripto turtas\",\"potentialAction\":[{\"@type\":\"SearchAction\",\"target\":{\"@type\":\"EntryPoint\",\"urlTemplate\":\"https:\/\/dizainoarkliukas.lt\/?s={search_term_string}\"},\"query-input\":{\"@type\":\"PropertyValueSpecification\",\"valueRequired\":true,\"valueName\":\"search_term_string\"}}],\"inLanguage\":\"lt-LT\"},{\"@type\":\"Person\",\"@id\":\"https:\/\/dizainoarkliukas.lt\/#\/schema\/person\/df455e1ad6975b49e5033c007baf6d7c\",\"name\":\"admin\",\"image\":{\"@type\":\"ImageObject\",\"inLanguage\":\"lt-LT\",\"@id\":\"https:\/\/dizainoarkliukas.lt\/#\/schema\/person\/image\/\",\"url\":\"https:\/\/secure.gravatar.com\/avatar\/6323379efae0c70c686c7905444d6bbd?s=96&d=mm&r=g\",\"contentUrl\":\"https:\/\/secure.gravatar.com\/avatar\/6323379efae0c70c686c7905444d6bbd?s=96&d=mm&r=g\",\"caption\":\"admin\"},\"sameAs\":[\"https:\/\/dizainoarkliukas.lt\"],\"url\":\"https:\/\/dizainoarkliukas.lt\/?author=1\"}]}<\/script>\n<!-- \/ Yoast SEO plugin. -->","yoast_head_json":{"title":"Vilnius atnaujina mokini\u0173 pri\u0117mimo tvark\u0105 \u2013 kas kei\u010diasi t\u0117vams ir mokykloms? - DizainoArkliukas.LT","robots":{"index":"index","follow":"follow","max-snippet":"max-snippet:-1","max-image-preview":"max-image-preview:large","max-video-preview":"max-video-preview:-1"},"canonical":"https:\/\/dizainoarkliukas.lt\/?p=5114","og_locale":"lt_LT","og_type":"article","og_title":"Vilnius atnaujina mokini\u0173 pri\u0117mimo tvark\u0105 \u2013 kas kei\u010diasi t\u0117vams ir mokykloms? - DizainoArkliukas.LT","og_description":"Vilniaus miesto savivaldyb\u0117s taryboje patvirtinta nauja pri\u0117mimo tvarka \u012f sostin\u0117s bendrojo ugdymo mokyklas. Pagal savivaldyb\u0117s administracijos parengtus pakeitimus, pri\u0117mimo procesas&hellip;","og_url":"https:\/\/dizainoarkliukas.lt\/?p=5114","og_site_name":"DizainoArkliukas.LT","article_published_time":"2025-11-20T13:54:15+00:00","og_image":[{"url":"https:\/\/miestonaujienos.lt\/wp-content\/uploads\/2015\/12\/pranesimu-spaudai-platinimas.jpg","type":"","width":"","height":""}],"author":"admin","twitter_card":"summary_large_image","twitter_misc":{"Written by":"admin","Est. reading time":"3 minut\u0117s"},"schema":{"@context":"https:\/\/schema.org","@graph":[{"@type":"Article","@id":"https:\/\/dizainoarkliukas.lt\/?p=5114#article","isPartOf":{"@id":"https:\/\/dizainoarkliukas.lt\/?p=5114"},"author":{"name":"admin","@id":"https:\/\/dizainoarkliukas.lt\/#\/schema\/person\/df455e1ad6975b49e5033c007baf6d7c"},"headline":"Vilnius atnaujina mokini\u0173 pri\u0117mimo tvark\u0105 \u2013 kas kei\u010diasi t\u0117vams ir mokykloms?","datePublished":"2025-11-20T13:54:15+00:00","mainEntityOfPage":{"@id":"https:\/\/dizainoarkliukas.lt\/?p=5114"},"wordCount":617,"image":{"@id":"https:\/\/dizainoarkliukas.lt\/?p=5114#primaryimage"},"thumbnailUrl":"https:\/\/dizainoarkliukas.lt\/wp-content\/uploads\/2025\/11\/Vilnius-atnaujina-mokiniu-priemimo-tvarka-\u2013-kas-keiciasi-tevams-ir.jpg","keywords":["atnaujina","Kas","kei\u010diasi","mokini\u0173","mokykloms","pri\u0117mimo","t\u0117vams","tvark\u0105","VILNIUS"],"articleSection":["\u0160VIETIMAS IR MOKSLAS"],"inLanguage":"lt-LT"},{"@type":"WebPage","@id":"https:\/\/dizainoarkliukas.lt\/?p=5114","url":"https:\/\/dizainoarkliukas.lt\/?p=5114","name":"Vilnius atnaujina mokini\u0173 pri\u0117mimo tvark\u0105 \u2013 kas kei\u010diasi t\u0117vams ir mokykloms? - DizainoArkliukas.LT","isPartOf":{"@id":"https:\/\/dizainoarkliukas.lt\/#website"},"primaryImageOfPage":{"@id":"https:\/\/dizainoarkliukas.lt\/?p=5114#primaryimage"},"image":{"@id":"https:\/\/dizainoarkliukas.lt\/?p=5114#primaryimage"},"thumbnailUrl":"https:\/\/dizainoarkliukas.lt\/wp-content\/uploads\/2025\/11\/Vilnius-atnaujina-mokiniu-priemimo-tvarka-\u2013-kas-keiciasi-tevams-ir.jpg","datePublished":"2025-11-20T13:54:15+00:00","author":{"@id":"https:\/\/dizainoarkliukas.lt\/#\/schema\/person\/df455e1ad6975b49e5033c007baf6d7c"},"breadcrumb":{"@id":"https:\/\/dizainoarkliukas.lt\/?p=5114#breadcrumb"},"inLanguage":"lt-LT","potentialAction":[{"@type":"ReadAction","target":["https:\/\/dizainoarkliukas.lt\/?p=5114"]}]},{"@type":"ImageObject","inLanguage":"lt-LT","@id":"https:\/\/dizainoarkliukas.lt\/?p=5114#primaryimage","url":"https:\/\/dizainoarkliukas.lt\/wp-content\/uploads\/2025\/11\/Vilnius-atnaujina-mokiniu-priemimo-tvarka-\u2013-kas-keiciasi-tevams-ir.jpg","contentUrl":"https:\/\/dizainoarkliukas.lt\/wp-content\/uploads\/2025\/11\/Vilnius-atnaujina-mokiniu-priemimo-tvarka-\u2013-kas-keiciasi-tevams-ir.jpg","width":1200,"height":800},{"@type":"BreadcrumbList","@id":"https:\/\/dizainoarkliukas.lt\/?p=5114#breadcrumb","itemListElement":[{"@type":"ListItem","position":1,"name":"Home","item":"https:\/\/dizainoarkliukas.lt\/"},{"@type":"ListItem","position":2,"name":"Vilnius atnaujina mokini\u0173 pri\u0117mimo tvark\u0105 \u2013 kas kei\u010diasi t\u0117vams ir mokykloms?"}]},{"@type":"WebSite","@id":"https:\/\/dizainoarkliukas.lt\/#website","url":"https:\/\/dizainoarkliukas.lt\/","name":"DizainoArkliukas.LT","description":"Interneto technologijos, blok\u0173 grandin\u0117s, kripto turtas","potentialAction":[{"@type":"SearchAction","target":{"@type":"EntryPoint","urlTemplate":"https:\/\/dizainoarkliukas.lt\/?s={search_term_string}"},"query-input":{"@type":"PropertyValueSpecification","valueRequired":true,"valueName":"search_term_string"}}],"inLanguage":"lt-LT"},{"@type":"Person","@id":"https:\/\/dizainoarkliukas.lt\/#\/schema\/person\/df455e1ad6975b49e5033c007baf6d7c","name":"admin","image":{"@type":"ImageObject","inLanguage":"lt-LT","@id":"https:\/\/dizainoarkliukas.lt\/#\/schema\/person\/image\/","url":"https:\/\/secure.gravatar.com\/avatar\/6323379efae0c70c686c7905444d6bbd?s=96&d=mm&r=g","contentUrl":"https:\/\/secure.gravatar.com\/avatar\/6323379efae0c70c686c7905444d6bbd?s=96&d=mm&r=g","caption":"admin"},"sameAs":["https:\/\/dizainoarkliukas.lt"],"url":"https:\/\/dizainoarkliukas.lt\/?author=1"}]}},"jetpack_featured_media_url":"https:\/\/dizainoarkliukas.lt\/wp-content\/uploads\/2025\/11\/Vilnius-atnaujina-mokiniu-priemimo-tvarka-\u2013-kas-keiciasi-tevams-ir.jpg","_links":{"self":[{"href":"https:\/\/dizainoarkliukas.lt\/index.php?rest_route=\/wp\/v2\/posts\/5114","targetHints":{"allow":["GET"]}}],"collection":[{"href":"https:\/\/dizainoarkliukas.lt\/index.php?rest_route=\/wp\/v2\/posts"}],"about":[{"href":"https:\/\/dizainoarkliukas.lt\/index.php?rest_route=\/wp\/v2\/types\/post"}],"author":[{"embeddable":true,"href":"https:\/\/dizainoarkliukas.lt\/index.php?rest_route=\/wp\/v2\/users\/1"}],"replies":[{"embeddable":true,"href":"https:\/\/dizainoarkliukas.lt\/index.php?rest_route=%2Fwp%2Fv2%2Fcomments&post=5114"}],"version-history":[{"count":0,"href":"https:\/\/dizainoarkliukas.lt\/index.php?rest_route=\/wp\/v2\/posts\/5114\/revisions"}],"wp:featuredmedia":[{"embeddable":true,"href":"https:\/\/dizainoarkliukas.lt\/index.php?rest_route=\/wp\/v2\/media\/5115"}],"wp:attachment":[{"href":"https:\/\/dizainoarkliukas.lt\/index.php?rest_route=%2Fwp%2Fv2%2Fmedia&parent=5114"}],"wp:term":[{"taxonomy":"category","embeddable":true,"href":"https:\/\/dizainoarkliukas.lt\/index.php?rest_route=%2Fwp%2Fv2%2Fcategories&post=5114"},{"taxonomy":"post_tag","embeddable":true,"href":"https:\/\/dizainoarkliukas.lt\/index.php?rest_route=%2Fwp%2Fv2%2Ftags&post=5114"}],"curies":[{"name":"wp","href":"https:\/\/api.w.org\/{rel}","templated":true}]}}