{"id":5149,"date":"2025-11-22T06:00:25","date_gmt":"2025-11-22T06:00:25","guid":{"rendered":"https:\/\/dizainoarkliukas.lt\/?p=5149"},"modified":"2025-11-22T06:00:25","modified_gmt":"2025-11-22T06:00:25","slug":"siuloma-kad-nuo-2026-metu-kai-kuriose-savivaldybese-prasymus-priimti-i-mokyklas-butu-galima-pateikti-centralizuotai","status":"publish","type":"post","link":"https:\/\/dizainoarkliukas.lt\/?p=5149","title":{"rendered":"Si\u016bloma, kad nuo 2026 met\u0173 kai kuriose savivaldyb\u0117se pra\u0161ymus priimti \u012f mokyklas b\u016bt\u0173 galima pateikti centralizuotai"},"content":{"rendered":"<p><\/p>\n<p><\/p>\n<p><strong>Nuo sausio 1 d. dalies savivaldybi\u0173 mokini\u0173 ar j\u0173 t\u0117v\u0173 pra\u0161ymai priimti \u012f ikimokyklinio ugdymo \u012fstaigas, prie\u0161mokyklines grupes ir bendrojo ugdymo mokyklas b\u016bt\u0173 priimami centralizuotai. <\/strong><\/p>\n<p>Si\u016blym\u0105 centralizuot\u0105 pri\u0117mimo \u012f mokyklas sistem\u0105 \u012fgyvendinti etapais i\u0161skaidant per trejus metus \u0161iandien Seimui pateik\u0117 \u0161vietimo, mokslo ir sporto ministr\u0117 Raminta Popovien\u0117.<\/p>\n<p>\u0160vietimo \u012fstatyme numatyta, kad nuo 2026 met\u0173 sausio 1 d. vaikai \u012f dar\u017eelius ir \u012f mokyklas b\u016bt\u0173 priimami centralizuotai. Kaip si\u016bloma ministr\u0117s pateiktoje \u0160vietimo \u012fstatymo pataisoje, pirmuoju etapu nuo 2026 m. sausio 1 d. centralizuot\u0105 pri\u0117mimo sistem\u0105 \u012fdiegt\u0173 savivaldyb\u0117s, kuri\u0173 ikimokyklinio ugdymo \u012fstaigose ir bendrojo ugdymo mokyklose mokosi nuo 1\u00a0700 iki 3\u00a0900 mokini\u0173.<\/p>\n<p>Toki\u0173 savivaldybi\u0173 yra daugiau negu 20. Antruoju etapu nuo 2027 m. sausio 1 d. \u2013 savivaldyb\u0117s, kuri\u0173 mokyklose mokosi ne daugiau kaip 9\u00a0000 mokini\u0173. Tre\u010diuoju etapu nuo 2028 m. sausio 1 d. \u2013 prie centralizuotos sistemos prisijungt\u0173 visos likusios savivaldybi\u0173 ir valstybin\u0117s mokyklos.<\/p>\n<blockquote>\n<p>\u201eCentralizuota pri\u0117mimo sistema turi veikti skland\u017eiai ir kokybi\u0161kai. Tod\u0117l siekdami suvaldyti rizikas, kurios gali kilti, jeigu visos savivaldyb\u0117s i\u0161kart jungsis prie sistemos, si\u016blome i\u0161skaidyti trimis etapais. I\u0161bandysime su ma\u017eesniu skai\u010diumi vartotoj\u0173, ir jeigu kilt\u0173 technologini\u0173 trikd\u017ei\u0173, tai greitai pa\u0161alinti tr\u016bkumus bus papras\u010diau\u201c, \u2013 sako \u0161vietimo, mokslo ir sporto ministr\u0117 Raminta Popovien\u0117.<\/p>\n<\/blockquote>\n<p>Centralizuota pri\u0117mimo sistema apr\u0117ps ikimokyklinio, prie\u0161mokyklinio, pradinio, pagrindinio, vidurinio ugdymo programas. Centralizuotoje pri\u0117mimo sistemoje bus registruojami pra\u0161ymai priimti \u012f savivaldyb\u0117s ir valstybin\u012f dar\u017eel\u012f ar mokykl\u0105, automati\u0161kai sudaroma mokini\u0173 eil\u0117, pasira\u0161omos mokymo sutartys ir kt. T\u0117v\u0173 ar mokini\u0173 pra\u0161ymai priimti \u012f mokykl\u0105 b\u016bt\u0173 pateikiami ir pildomi elektronin\u0117je erdv\u0117je prisijungus prie sistemos per Elektroninius vald\u017eios vartus. Tuos vartotojus, kurie neturi galimyb\u0117s prisijungti tokiu b\u016bdu, konsultuos mokykla ar savivaldyb\u0117, suteiks prisijungimo galimyb\u0119 i\u0161 mokyklos.<\/p>\n<p>Pateikus pra\u0161ym\u0105,\u00a0jis bus automati\u0161kai registruojamas ir patvirtinamas, pra\u0161ymui suteikiamas unikalus kodas ir pra\u0161ymas priskiriamas pateikt\u0173 pra\u0161ym\u0173 laukian\u010di\u0173j\u0173 eilei.\u00a0Sistema elektroniniu pa\u0161tu informuos pra\u0161ymo teik\u0117j\u0105 apie s\u0117kming\u0105 pra\u0161ymo pateikim\u0105.<\/p>\n<p>Mokiniai ir t\u0117vai savitarnos paskyroje matys pra\u0161ymo b\u016bsen\u0105 realiuoju laiku, viet\u0105 eil\u0117je, kiek i\u0161 viso viet\u0173 yra mokykloje, pirmumo bal\u0105, kuris apskai\u010diuojamas vadovaujantis pri\u0117mimo kriterijais ar Ikimokyklinio ugdymo pri\u0117mimo tvarka, ir kt. Laukian\u010di\u0173j\u0173 eil\u0119 sistema suformuos automatiniu b\u016bdu. Jei visose pra\u0161ym\u0105 teikusiojo pasirinktose mokyklose pasibaigus pri\u0117mimo \u012f mokyklas laikotarpiui n\u0117ra ugdymosi vietos, mokinys ar t\u0117vai i\u0161 sistemos gaus prane\u0161im\u0105 elektroniniu pa\u0161tu. Jam bus si\u016bloma u\u017epildyti nauj\u0105 pra\u0161ym\u0105 \u012f mokyklas, turin\u010dias laisv\u0173 viet\u0173.<\/p>\n<p>Mokymo sutartis bus pasira\u0161oma naudojantis elektroniniu para\u0161u. Jei n\u0117ra tokios galimyb\u0117s, mokymo sutart\u012f bus galima pasira\u0161yti atvykus \u012f mokykl\u0105. Taip pat bus sudaryta galimyb\u0117 norintiesiems keisti mokykl\u0105.<\/p>\n<p>Prad\u0117jus veikti centralizuotai pri\u0117mimo sistemai, b\u016bt\u0173 didesnis sudarom\u0173 mokini\u0173 eili\u0173 ir prioritet\u0173 skaidrumas, ma\u017e\u0117s biurokratin\u0117 na\u0161ta, nes dokumentai bus skaitmeninami, nebelikt\u0173 popierini\u0173 pra\u0161ym\u0173 priimti \u012f mokyklas ar pakeisti mokykl\u0105 ar program\u0105. Taip pat b\u016bt\u0173 teikiama patikima ir tiksli informacija visuomenei apie pri\u0117mim\u0105 \u012f mokykl\u0105 ar program\u0105, laisvas vietas grup\u0117se ar klas\u0117se ir pan.\u00a0 Be to, bus galima tolygiau paskirstyti srautus \u012f mokyklas.<\/p>\n<p>I\u0161 60-ies savivaldybi\u0173 14-a ir dabar turi vienaip ar kitaip centralizuotas sistemas. Tik keletas,\u00a0 pvz., Vilnius ir Kaunas, turi visi\u0161kai centralizuot\u0105 pri\u0117mimo sistem\u0105, kitos skaitmenizavusios paprastai vien\u0105 proces\u0105, pvz., pra\u0161ym\u0173 pateikim\u0105.<\/p>\n<p>Centralizuot\u0105 pri\u0117mimo sistem\u0105 administruos \u0160vietimo, mokslo ir sporto ministerijos \u012fsteigta vie\u0161oji \u012fstaiga \u201eMokausi Lietuvoje\u201c.<\/p>\n<p>\u2022 Parengta pagal publikacij\u0105 Si\u016bloma, kad nuo 2026 met\u0173 kai kuriose savivaldyb\u0117se pra\u0161ymus priimti \u012f mokyklas b\u016bt\u0173 galima pateikti centralizuotai. Publikacijos autorius \u0160vietimo, mokslo ir sporto ministerija. Malonu, kad skaitote ir nepamir\u0161tate pasidalinti. A\u010di\u016b! Publikacija dalinasi Lietuvos region\u0173 naujien\u0173 portalas Miesto naujienos.<\/p>\n<p><a href=\"https:\/\/miestonaujienos.lt\/siuloma-kad-nuo-2026-metu-kai-kuriose-savivaldybese-prasymus-priimti-i-mokyklas-butu-galima-pateikti-centralizuotai\/\"> Nuoroda \u012f informacijos \u0161altin\u012f <\/a><\/p>\n","protected":false},"excerpt":{"rendered":"<p>Nuo sausio 1 d. dalies savivaldybi\u0173 mokini\u0173 ar j\u0173 t\u0117v\u0173 pra\u0161ymai priimti \u012f ikimokyklinio ugdymo \u012fstaigas, prie\u0161mokyklines grupes ir bendrojo&hellip;<\/p>\n","protected":false},"author":1,"featured_media":5150,"comment_status":"","ping_status":"","sticky":false,"template":"","format":"standard","meta":{"om_disable_all_campaigns":false,"_monsterinsights_skip_tracking":false,"_monsterinsights_sitenote_active":false,"_monsterinsights_sitenote_note":"","_monsterinsights_sitenote_category":0,"footnotes":""},"categories":[51],"tags":[367,7720,63,140,483,7716,330,5917,17,7719,7718,2990,7717,910],"class_list":["post-5149","post","type-post","status-publish","format-standard","has-post-thumbnail","hentry","category-svietimas-ir-mokslas","tag-butu","tag-centralizuotai","tag-galima","tag-kad","tag-kai","tag-kuriose","tag-metu","tag-mokyklas","tag-nuo","tag-pateikti","tag-prasymus","tag-priimti","tag-savivaldybese","tag-siuloma"],"aioseo_notices":[],"yoast_head":"<!-- This site is optimized with the Yoast SEO plugin v26.8 - https:\/\/yoast.com\/product\/yoast-seo-wordpress\/ -->\n<title>Si\u016bloma, kad nuo 2026 met\u0173 kai kuriose savivaldyb\u0117se pra\u0161ymus priimti \u012f mokyklas b\u016bt\u0173 galima pateikti centralizuotai - DizainoArkliukas.LT<\/title>\n<meta name=\"robots\" content=\"index, follow, max-snippet:-1, max-image-preview:large, max-video-preview:-1\" \/>\n<link rel=\"canonical\" href=\"https:\/\/dizainoarkliukas.lt\/?p=5149\" \/>\n<meta property=\"og:locale\" content=\"lt_LT\" \/>\n<meta property=\"og:type\" content=\"article\" \/>\n<meta property=\"og:title\" content=\"Si\u016bloma, kad nuo 2026 met\u0173 kai kuriose savivaldyb\u0117se pra\u0161ymus priimti \u012f mokyklas b\u016bt\u0173 galima pateikti centralizuotai - DizainoArkliukas.LT\" \/>\n<meta property=\"og:description\" content=\"Nuo sausio 1 d. dalies savivaldybi\u0173 mokini\u0173 ar j\u0173 t\u0117v\u0173 pra\u0161ymai priimti \u012f ikimokyklinio ugdymo \u012fstaigas, prie\u0161mokyklines grupes ir bendrojo&hellip;\" \/>\n<meta property=\"og:url\" content=\"https:\/\/dizainoarkliukas.lt\/?p=5149\" \/>\n<meta property=\"og:site_name\" content=\"DizainoArkliukas.LT\" \/>\n<meta property=\"article:published_time\" content=\"2025-11-22T06:00:25+00:00\" \/>\n<meta property=\"og:image\" content=\"https:\/\/miestonaujienos.lt\/wp-content\/uploads\/2025\/11\/336988-siuloma-kad-nuo-2026-metu-kai-kuriose-savivaldybese-prasymus-priimti-i-mokyklas-butu-galim691ee1885ae42\" \/>\n<meta name=\"author\" content=\"admin\" \/>\n<meta name=\"twitter:card\" content=\"summary_large_image\" \/>\n<meta name=\"twitter:label1\" content=\"Written by\" \/>\n\t<meta name=\"twitter:data1\" content=\"admin\" \/>\n\t<meta name=\"twitter:label2\" content=\"Est. reading time\" \/>\n\t<meta name=\"twitter:data2\" content=\"3 minut\u0117s\" \/>\n<script type=\"application\/ld+json\" class=\"yoast-schema-graph\">{\"@context\":\"https:\/\/schema.org\",\"@graph\":[{\"@type\":\"Article\",\"@id\":\"https:\/\/dizainoarkliukas.lt\/?p=5149#article\",\"isPartOf\":{\"@id\":\"https:\/\/dizainoarkliukas.lt\/?p=5149\"},\"author\":{\"name\":\"admin\",\"@id\":\"https:\/\/dizainoarkliukas.lt\/#\/schema\/person\/df455e1ad6975b49e5033c007baf6d7c\"},\"headline\":\"Si\u016bloma, kad nuo 2026 met\u0173 kai kuriose savivaldyb\u0117se pra\u0161ymus priimti \u012f mokyklas b\u016bt\u0173 galima pateikti centralizuotai\",\"datePublished\":\"2025-11-22T06:00:25+00:00\",\"mainEntityOfPage\":{\"@id\":\"https:\/\/dizainoarkliukas.lt\/?p=5149\"},\"wordCount\":638,\"image\":{\"@id\":\"https:\/\/dizainoarkliukas.lt\/?p=5149#primaryimage\"},\"thumbnailUrl\":\"https:\/\/dizainoarkliukas.lt\/wp-content\/uploads\/2025\/11\/Siuloma-kad-nuo-2026-metu-kai-kuriose-savivaldybese-prasymus-priimti\",\"keywords\":[\"b\u016bt\u0173\",\"centralizuotai\",\"galima\",\"kad\",\"kai\",\"kuriose\",\"met\u0173\",\"mokyklas\",\"nuo\",\"pateikti\",\"pra\u0161ymus\",\"priimti\",\"savivaldyb\u0117se\",\"si\u016bloma\"],\"articleSection\":[\"\u0160VIETIMAS IR MOKSLAS\"],\"inLanguage\":\"lt-LT\"},{\"@type\":\"WebPage\",\"@id\":\"https:\/\/dizainoarkliukas.lt\/?p=5149\",\"url\":\"https:\/\/dizainoarkliukas.lt\/?p=5149\",\"name\":\"Si\u016bloma, kad nuo 2026 met\u0173 kai kuriose savivaldyb\u0117se pra\u0161ymus priimti \u012f mokyklas b\u016bt\u0173 galima pateikti centralizuotai - DizainoArkliukas.LT\",\"isPartOf\":{\"@id\":\"https:\/\/dizainoarkliukas.lt\/#website\"},\"primaryImageOfPage\":{\"@id\":\"https:\/\/dizainoarkliukas.lt\/?p=5149#primaryimage\"},\"image\":{\"@id\":\"https:\/\/dizainoarkliukas.lt\/?p=5149#primaryimage\"},\"thumbnailUrl\":\"https:\/\/dizainoarkliukas.lt\/wp-content\/uploads\/2025\/11\/Siuloma-kad-nuo-2026-metu-kai-kuriose-savivaldybese-prasymus-priimti\",\"datePublished\":\"2025-11-22T06:00:25+00:00\",\"author\":{\"@id\":\"https:\/\/dizainoarkliukas.lt\/#\/schema\/person\/df455e1ad6975b49e5033c007baf6d7c\"},\"breadcrumb\":{\"@id\":\"https:\/\/dizainoarkliukas.lt\/?p=5149#breadcrumb\"},\"inLanguage\":\"lt-LT\",\"potentialAction\":[{\"@type\":\"ReadAction\",\"target\":[\"https:\/\/dizainoarkliukas.lt\/?p=5149\"]}]},{\"@type\":\"ImageObject\",\"inLanguage\":\"lt-LT\",\"@id\":\"https:\/\/dizainoarkliukas.lt\/?p=5149#primaryimage\",\"url\":\"https:\/\/dizainoarkliukas.lt\/wp-content\/uploads\/2025\/11\/Siuloma-kad-nuo-2026-metu-kai-kuriose-savivaldybese-prasymus-priimti\",\"contentUrl\":\"https:\/\/dizainoarkliukas.lt\/wp-content\/uploads\/2025\/11\/Siuloma-kad-nuo-2026-metu-kai-kuriose-savivaldybese-prasymus-priimti\",\"width\":1200,\"height\":799},{\"@type\":\"BreadcrumbList\",\"@id\":\"https:\/\/dizainoarkliukas.lt\/?p=5149#breadcrumb\",\"itemListElement\":[{\"@type\":\"ListItem\",\"position\":1,\"name\":\"Home\",\"item\":\"https:\/\/dizainoarkliukas.lt\/\"},{\"@type\":\"ListItem\",\"position\":2,\"name\":\"Si\u016bloma, kad nuo 2026 met\u0173 kai kuriose savivaldyb\u0117se pra\u0161ymus priimti \u012f mokyklas b\u016bt\u0173 galima pateikti centralizuotai\"}]},{\"@type\":\"WebSite\",\"@id\":\"https:\/\/dizainoarkliukas.lt\/#website\",\"url\":\"https:\/\/dizainoarkliukas.lt\/\",\"name\":\"DizainoArkliukas.LT\",\"description\":\"Interneto technologijos, blok\u0173 grandin\u0117s, kripto turtas\",\"potentialAction\":[{\"@type\":\"SearchAction\",\"target\":{\"@type\":\"EntryPoint\",\"urlTemplate\":\"https:\/\/dizainoarkliukas.lt\/?s={search_term_string}\"},\"query-input\":{\"@type\":\"PropertyValueSpecification\",\"valueRequired\":true,\"valueName\":\"search_term_string\"}}],\"inLanguage\":\"lt-LT\"},{\"@type\":\"Person\",\"@id\":\"https:\/\/dizainoarkliukas.lt\/#\/schema\/person\/df455e1ad6975b49e5033c007baf6d7c\",\"name\":\"admin\",\"image\":{\"@type\":\"ImageObject\",\"inLanguage\":\"lt-LT\",\"@id\":\"https:\/\/dizainoarkliukas.lt\/#\/schema\/person\/image\/\",\"url\":\"https:\/\/secure.gravatar.com\/avatar\/6323379efae0c70c686c7905444d6bbd?s=96&d=mm&r=g\",\"contentUrl\":\"https:\/\/secure.gravatar.com\/avatar\/6323379efae0c70c686c7905444d6bbd?s=96&d=mm&r=g\",\"caption\":\"admin\"},\"sameAs\":[\"https:\/\/dizainoarkliukas.lt\"],\"url\":\"https:\/\/dizainoarkliukas.lt\/?author=1\"}]}<\/script>\n<!-- \/ Yoast SEO plugin. -->","yoast_head_json":{"title":"Si\u016bloma, kad nuo 2026 met\u0173 kai kuriose savivaldyb\u0117se pra\u0161ymus priimti \u012f mokyklas b\u016bt\u0173 galima pateikti centralizuotai - DizainoArkliukas.LT","robots":{"index":"index","follow":"follow","max-snippet":"max-snippet:-1","max-image-preview":"max-image-preview:large","max-video-preview":"max-video-preview:-1"},"canonical":"https:\/\/dizainoarkliukas.lt\/?p=5149","og_locale":"lt_LT","og_type":"article","og_title":"Si\u016bloma, kad nuo 2026 met\u0173 kai kuriose savivaldyb\u0117se pra\u0161ymus priimti \u012f mokyklas b\u016bt\u0173 galima pateikti centralizuotai - DizainoArkliukas.LT","og_description":"Nuo sausio 1 d. dalies savivaldybi\u0173 mokini\u0173 ar j\u0173 t\u0117v\u0173 pra\u0161ymai priimti \u012f ikimokyklinio ugdymo \u012fstaigas, prie\u0161mokyklines grupes ir bendrojo&hellip;","og_url":"https:\/\/dizainoarkliukas.lt\/?p=5149","og_site_name":"DizainoArkliukas.LT","article_published_time":"2025-11-22T06:00:25+00:00","og_image":[{"url":"https:\/\/miestonaujienos.lt\/wp-content\/uploads\/2025\/11\/336988-siuloma-kad-nuo-2026-metu-kai-kuriose-savivaldybese-prasymus-priimti-i-mokyklas-butu-galim691ee1885ae42","type":"","width":"","height":""}],"author":"admin","twitter_card":"summary_large_image","twitter_misc":{"Written by":"admin","Est. reading time":"3 minut\u0117s"},"schema":{"@context":"https:\/\/schema.org","@graph":[{"@type":"Article","@id":"https:\/\/dizainoarkliukas.lt\/?p=5149#article","isPartOf":{"@id":"https:\/\/dizainoarkliukas.lt\/?p=5149"},"author":{"name":"admin","@id":"https:\/\/dizainoarkliukas.lt\/#\/schema\/person\/df455e1ad6975b49e5033c007baf6d7c"},"headline":"Si\u016bloma, kad nuo 2026 met\u0173 kai kuriose savivaldyb\u0117se pra\u0161ymus priimti \u012f mokyklas b\u016bt\u0173 galima pateikti centralizuotai","datePublished":"2025-11-22T06:00:25+00:00","mainEntityOfPage":{"@id":"https:\/\/dizainoarkliukas.lt\/?p=5149"},"wordCount":638,"image":{"@id":"https:\/\/dizainoarkliukas.lt\/?p=5149#primaryimage"},"thumbnailUrl":"https:\/\/dizainoarkliukas.lt\/wp-content\/uploads\/2025\/11\/Siuloma-kad-nuo-2026-metu-kai-kuriose-savivaldybese-prasymus-priimti","keywords":["b\u016bt\u0173","centralizuotai","galima","kad","kai","kuriose","met\u0173","mokyklas","nuo","pateikti","pra\u0161ymus","priimti","savivaldyb\u0117se","si\u016bloma"],"articleSection":["\u0160VIETIMAS IR MOKSLAS"],"inLanguage":"lt-LT"},{"@type":"WebPage","@id":"https:\/\/dizainoarkliukas.lt\/?p=5149","url":"https:\/\/dizainoarkliukas.lt\/?p=5149","name":"Si\u016bloma, kad nuo 2026 met\u0173 kai kuriose savivaldyb\u0117se pra\u0161ymus priimti \u012f mokyklas b\u016bt\u0173 galima pateikti centralizuotai - DizainoArkliukas.LT","isPartOf":{"@id":"https:\/\/dizainoarkliukas.lt\/#website"},"primaryImageOfPage":{"@id":"https:\/\/dizainoarkliukas.lt\/?p=5149#primaryimage"},"image":{"@id":"https:\/\/dizainoarkliukas.lt\/?p=5149#primaryimage"},"thumbnailUrl":"https:\/\/dizainoarkliukas.lt\/wp-content\/uploads\/2025\/11\/Siuloma-kad-nuo-2026-metu-kai-kuriose-savivaldybese-prasymus-priimti","datePublished":"2025-11-22T06:00:25+00:00","author":{"@id":"https:\/\/dizainoarkliukas.lt\/#\/schema\/person\/df455e1ad6975b49e5033c007baf6d7c"},"breadcrumb":{"@id":"https:\/\/dizainoarkliukas.lt\/?p=5149#breadcrumb"},"inLanguage":"lt-LT","potentialAction":[{"@type":"ReadAction","target":["https:\/\/dizainoarkliukas.lt\/?p=5149"]}]},{"@type":"ImageObject","inLanguage":"lt-LT","@id":"https:\/\/dizainoarkliukas.lt\/?p=5149#primaryimage","url":"https:\/\/dizainoarkliukas.lt\/wp-content\/uploads\/2025\/11\/Siuloma-kad-nuo-2026-metu-kai-kuriose-savivaldybese-prasymus-priimti","contentUrl":"https:\/\/dizainoarkliukas.lt\/wp-content\/uploads\/2025\/11\/Siuloma-kad-nuo-2026-metu-kai-kuriose-savivaldybese-prasymus-priimti","width":1200,"height":799},{"@type":"BreadcrumbList","@id":"https:\/\/dizainoarkliukas.lt\/?p=5149#breadcrumb","itemListElement":[{"@type":"ListItem","position":1,"name":"Home","item":"https:\/\/dizainoarkliukas.lt\/"},{"@type":"ListItem","position":2,"name":"Si\u016bloma, kad nuo 2026 met\u0173 kai kuriose savivaldyb\u0117se pra\u0161ymus priimti \u012f mokyklas b\u016bt\u0173 galima pateikti centralizuotai"}]},{"@type":"WebSite","@id":"https:\/\/dizainoarkliukas.lt\/#website","url":"https:\/\/dizainoarkliukas.lt\/","name":"DizainoArkliukas.LT","description":"Interneto technologijos, blok\u0173 grandin\u0117s, kripto turtas","potentialAction":[{"@type":"SearchAction","target":{"@type":"EntryPoint","urlTemplate":"https:\/\/dizainoarkliukas.lt\/?s={search_term_string}"},"query-input":{"@type":"PropertyValueSpecification","valueRequired":true,"valueName":"search_term_string"}}],"inLanguage":"lt-LT"},{"@type":"Person","@id":"https:\/\/dizainoarkliukas.lt\/#\/schema\/person\/df455e1ad6975b49e5033c007baf6d7c","name":"admin","image":{"@type":"ImageObject","inLanguage":"lt-LT","@id":"https:\/\/dizainoarkliukas.lt\/#\/schema\/person\/image\/","url":"https:\/\/secure.gravatar.com\/avatar\/6323379efae0c70c686c7905444d6bbd?s=96&d=mm&r=g","contentUrl":"https:\/\/secure.gravatar.com\/avatar\/6323379efae0c70c686c7905444d6bbd?s=96&d=mm&r=g","caption":"admin"},"sameAs":["https:\/\/dizainoarkliukas.lt"],"url":"https:\/\/dizainoarkliukas.lt\/?author=1"}]}},"jetpack_featured_media_url":"https:\/\/dizainoarkliukas.lt\/wp-content\/uploads\/2025\/11\/Siuloma-kad-nuo-2026-metu-kai-kuriose-savivaldybese-prasymus-priimti","_links":{"self":[{"href":"https:\/\/dizainoarkliukas.lt\/index.php?rest_route=\/wp\/v2\/posts\/5149","targetHints":{"allow":["GET"]}}],"collection":[{"href":"https:\/\/dizainoarkliukas.lt\/index.php?rest_route=\/wp\/v2\/posts"}],"about":[{"href":"https:\/\/dizainoarkliukas.lt\/index.php?rest_route=\/wp\/v2\/types\/post"}],"author":[{"embeddable":true,"href":"https:\/\/dizainoarkliukas.lt\/index.php?rest_route=\/wp\/v2\/users\/1"}],"replies":[{"embeddable":true,"href":"https:\/\/dizainoarkliukas.lt\/index.php?rest_route=%2Fwp%2Fv2%2Fcomments&post=5149"}],"version-history":[{"count":0,"href":"https:\/\/dizainoarkliukas.lt\/index.php?rest_route=\/wp\/v2\/posts\/5149\/revisions"}],"wp:featuredmedia":[{"embeddable":true,"href":"https:\/\/dizainoarkliukas.lt\/index.php?rest_route=\/wp\/v2\/media\/5150"}],"wp:attachment":[{"href":"https:\/\/dizainoarkliukas.lt\/index.php?rest_route=%2Fwp%2Fv2%2Fmedia&parent=5149"}],"wp:term":[{"taxonomy":"category","embeddable":true,"href":"https:\/\/dizainoarkliukas.lt\/index.php?rest_route=%2Fwp%2Fv2%2Fcategories&post=5149"},{"taxonomy":"post_tag","embeddable":true,"href":"https:\/\/dizainoarkliukas.lt\/index.php?rest_route=%2Fwp%2Fv2%2Ftags&post=5149"}],"curies":[{"name":"wp","href":"https:\/\/api.w.org\/{rel}","templated":true}]}}