{"id":5194,"date":"2025-11-24T14:08:56","date_gmt":"2025-11-24T14:08:56","guid":{"rendered":"https:\/\/dizainoarkliukas.lt\/?p=5194"},"modified":"2025-11-24T14:08:56","modified_gmt":"2025-11-24T14:08:56","slug":"saltiniu-progimnazijos-50-mecio-svente-tradicijos-prisiminimai-ir-bendryste","status":"publish","type":"post","link":"https:\/\/dizainoarkliukas.lt\/?p=5194","title":{"rendered":"\u0160altini\u0173 progimnazijos 50-me\u010dio \u0161vent\u0117: tradicijos, prisiminimai ir bendryst\u0117"},"content":{"rendered":"<p><\/p>\n<div>\n<div class=\"g g-7\">\n<div class=\"g-single a-216\"><\/div>\n<\/div>\n<p><strong>Alytaus \u0160altini\u0173 progimnazijai \u2013 50. Penktadienio vakar\u0105 progimnazijoje \u0161ia proga surengtas \u0161ventinis renginys. <\/strong><\/p>\n<p>Pasveikinti \u0161vietimo \u012fstaigos bendruomen\u0119 susirinko Alytaus miesto savivaldyb\u0117s vadovai, buv\u0119 progimnazijos vadovai, pedagogai, mokiniai, t\u0117veliai.<\/p>\n<p>\u0160vent\u0117 prasid\u0117jo i\u0161kilmingu mokyklos simbolio ir dvasios \u017eenklo \u2013 skulpt\u016bros \u201eAteinantis\u201c (autorius Vidmantas Gylikis) \u2013 atidengimu.<\/p>\n<p>Po jo progimnazijos sal\u0117je mokiniai parod\u0117 \u012fsp\u016bding\u0105 teatralizuot\u0105 program\u0105.<\/p>\n<p>50-ojo jubiliejaus proga susirinkusius sveikino Alytaus miesto savivaldyb\u0117s meras Nerijus Cesiulis.<\/p>\n<blockquote>\n<p>\u201eJei jau esate \u010dia \u2013 tikrai neat\u0117jote atsitiktinai \u2013 \u0160altini\u0173 progimnazija u\u017eima viet\u0105 j\u016bs\u0173 gyvenime. Gal patys joje mok\u0117t\u0117s, gal mokosi j\u016bs\u0173 vaikai, gal mok\u0117te kitus ar dirbote \u00a0administracijoje. Pagalvojau, kad dabar pirmosios laidos moksleiviams tur\u0117t\u0173 b\u016bti apie 56\u201357 metai. Ar yra toki\u0173? K\u0105 prisimenate? Per pus\u0119 am\u017eiaus u\u017eauginta daugyb\u0117 talenting\u0173 \u017emoni\u0173, alyti\u0161ki\u0173, kurie savo darbais nuveik\u0117 daug svarbi\u0173 dalyk\u0173 ir paliko \u017eym\u0173 p\u0117dsak\u0105 ne tik mieste, bet ir valstyb\u0117je. \u017dinau, kad daugyb\u0117 \u0161altinie\u010di\u0173 i\u0161sibarst\u0119 po pasaul\u012f ir kiekvienas apie mokykl\u0105 ne\u0161iojasi vis kitus prisiminimus. Mokslas \u2013 tai ne tik pirmosios raid\u0117s ar matematikos formul\u0117s. \u010cia \u017emogus su\u017eino, kas yra draugyst\u0117, meil\u0117, a\u0161aros, sporto pasiekimai, kantryb\u0117, u\u017esispyrimas, laim\u0117jimai. Tikiu, kad kiekvienas j\u016bs\u0173 dar prisimena suolo ar klas\u0117s draug\u0105, kuris buvo svarbus\u201c, \u2013 sak\u0117 miesto vadovas.<\/p>\n<\/blockquote>\n<p>\u0160ventinio renginio metu Alytaus miesto savivaldyb\u0117s meras N. Cesiulis ir vicemer\u0117 Kristina Daugelevi\u010dien\u0117 \u0160altini\u0173 progimnazijos mokytojams \u012fteik\u0117 pad\u0117kas. Mero pad\u0117ka u\u017e mokini\u0173 pasiekimus, gerosios patirties sklaid\u0105 \u0161alies pedagogams skirta pradini\u0173 klasi\u0173 mokytojai metodininkei Rasai Baranauskei, u\u017e mokini\u0173 pasiekimus, STREAM veiklos stiprinim\u0105 progimnazijoje \u2013 matematikos mokytojai metodininkei Angelei Grigonienei ir u\u017e etnokult\u016bros skatinim\u0105, mokini\u0173 pasiekimus tarptautiniuose, \u0161alies ir regiono konkursuose mero pad\u0117ka apdovanota meninio ugdymo (\u0161okio) mokytoja ekspert\u0117 \u00a0R\u016bta Meki\u0161ait\u0117.<\/p>\n<p>Pirmasis mokyklos direktorius Vytautas Mockevi\u010dius prisimin\u0117 mokyklos k\u016brimosi istorij\u0105, patirtus i\u0161\u0161\u016bkius ir per daugel\u012f met\u0173 susiformavusias tradicijas. Jis link\u0117jo bendruomenei visuomet i\u0161saugoti ger\u0105 mokyklos vard\u0105.<\/p>\n<p>Buv\u0119s direktorius Alfonsas Lietuvininkas pasid\u017eiaug\u0117 nuolat augan\u010diu mokini\u0173 skai\u010diumi ir spar\u010diai atsinaujinan\u010diomis mokyklos erdv\u0117mis.<\/p>\n<p>Dabartin\u0117 mokyklos vadov\u0117 Evelina \u017dukauskien\u0117 pabr\u0117\u017e\u0117 tradicij\u0173 t\u0119stinum\u0105, atsakingo darbo svarb\u0105 ir nuolatin\u012f bendruomen\u0117s augim\u0105.<\/p>\n<p>\u0160ventei pasibaigus, susirinkusieji neskub\u0117jo skirstytis \u2013 bendravo, ie\u0161kojo savo mokytoj\u0173, lank\u0117 klases ir dalijosi prisiminimais.<\/p>\n<p><span style=\"font-size: 10pt;\"><em>\u2022 Komunikacijos skyriaus informacija<\/em><\/span><\/p>\n<div class=\"g g-82\">\n<div class=\"g-single a-233\"><img decoding=\"async\" src=\"https:\/\/miestonaujienos.lt\/wp-content\/uploads\/2015\/12\/savivaldybiu-zinios-reklama-miesto-naujienos.jpg\" width=\"100%\"\/><\/div>\n<\/div>\n<\/div>\n<p><script>(function(d, s, id) {\nvar js, fjs = d.getElementsByTagName(s)(0);\nif (d.getElementById(id)) return;\njs = d.createElement(s); js.id = id;\njs.src = \"\/\/connect.facebook.net\/lt_LT\/sdk.js#xfbml=1&version=v2.10\";\nfjs.parentNode.insertBefore(js, fjs);\n}(document, 'script', 'facebook-jssdk'));<\/script><a href=\"https:\/\/miestonaujienos.lt\/saltiniu-progimnazijos-50-mecio-svente-tradicijos-prisiminimai-ir-bendryste\/\"> Nuoroda \u012f informacijos \u0161altin\u012f <\/a><\/p>\n","protected":false},"excerpt":{"rendered":"<p>Alytaus \u0160altini\u0173 progimnazijai \u2013 50. Penktadienio vakar\u0105 progimnazijoje \u0161ia proga surengtas \u0161ventinis renginys. Pasveikinti \u0161vietimo \u012fstaigos bendruomen\u0119 susirinko Alytaus miesto&hellip;<\/p>\n","protected":false},"author":1,"featured_media":5195,"comment_status":"","ping_status":"","sticky":false,"template":"","format":"standard","meta":{"om_disable_all_campaigns":false,"_monsterinsights_skip_tracking":false,"_monsterinsights_sitenote_active":false,"_monsterinsights_sitenote_note":"","_monsterinsights_sitenote_category":0,"footnotes":""},"categories":[51],"tags":[7772,7776,7775,949,7771,7773,7774],"class_list":["post-5194","post","type-post","status-publish","format-standard","has-post-thumbnail","hentry","category-svietimas-ir-mokslas","tag-50mecio","tag-bendryste","tag-prisiminimai","tag-progimnazijos","tag-saltiniu","tag-svente","tag-tradicijos"],"aioseo_notices":[],"yoast_head":"<!-- This site is optimized with the Yoast SEO plugin v26.8 - https:\/\/yoast.com\/product\/yoast-seo-wordpress\/ -->\n<title>\u0160altini\u0173 progimnazijos 50-me\u010dio \u0161vent\u0117: tradicijos, prisiminimai ir bendryst\u0117 - DizainoArkliukas.LT<\/title>\n<meta name=\"robots\" content=\"index, follow, max-snippet:-1, max-image-preview:large, max-video-preview:-1\" \/>\n<link rel=\"canonical\" href=\"https:\/\/dizainoarkliukas.lt\/?p=5194\" \/>\n<meta property=\"og:locale\" content=\"lt_LT\" \/>\n<meta property=\"og:type\" content=\"article\" \/>\n<meta property=\"og:title\" content=\"\u0160altini\u0173 progimnazijos 50-me\u010dio \u0161vent\u0117: tradicijos, prisiminimai ir bendryst\u0117 - DizainoArkliukas.LT\" \/>\n<meta property=\"og:description\" content=\"Alytaus \u0160altini\u0173 progimnazijai \u2013 50. Penktadienio vakar\u0105 progimnazijoje \u0161ia proga surengtas \u0161ventinis renginys. Pasveikinti \u0161vietimo \u012fstaigos bendruomen\u0119 susirinko Alytaus miesto&hellip;\" \/>\n<meta property=\"og:url\" content=\"https:\/\/dizainoarkliukas.lt\/?p=5194\" \/>\n<meta property=\"og:site_name\" content=\"DizainoArkliukas.LT\" \/>\n<meta property=\"article:published_time\" content=\"2025-11-24T14:08:56+00:00\" \/>\n<meta property=\"og:image\" content=\"https:\/\/miestonaujienos.lt\/wp-content\/uploads\/2025\/03\/partneriu-turinys-1.jpg\" \/>\n<meta name=\"author\" content=\"admin\" \/>\n<meta name=\"twitter:card\" content=\"summary_large_image\" \/>\n<meta name=\"twitter:label1\" content=\"Written by\" \/>\n\t<meta name=\"twitter:data1\" content=\"admin\" \/>\n\t<meta name=\"twitter:label2\" content=\"Est. reading time\" \/>\n\t<meta name=\"twitter:data2\" content=\"2 minut\u0117s\" \/>\n<script type=\"application\/ld+json\" class=\"yoast-schema-graph\">{\"@context\":\"https:\/\/schema.org\",\"@graph\":[{\"@type\":\"Article\",\"@id\":\"https:\/\/dizainoarkliukas.lt\/?p=5194#article\",\"isPartOf\":{\"@id\":\"https:\/\/dizainoarkliukas.lt\/?p=5194\"},\"author\":{\"name\":\"admin\",\"@id\":\"https:\/\/dizainoarkliukas.lt\/#\/schema\/person\/df455e1ad6975b49e5033c007baf6d7c\"},\"headline\":\"\u0160altini\u0173 progimnazijos 50-me\u010dio \u0161vent\u0117: tradicijos, prisiminimai ir bendryst\u0117\",\"datePublished\":\"2025-11-24T14:08:56+00:00\",\"mainEntityOfPage\":{\"@id\":\"https:\/\/dizainoarkliukas.lt\/?p=5194\"},\"wordCount\":388,\"image\":{\"@id\":\"https:\/\/dizainoarkliukas.lt\/?p=5194#primaryimage\"},\"thumbnailUrl\":\"https:\/\/dizainoarkliukas.lt\/wp-content\/uploads\/2025\/11\/Saltiniu-progimnazijos-50-mecio-svente-tradicijos-prisiminimai-ir-bendryste.jpg\",\"keywords\":[\"50me\u010dio\",\"bendryst\u0117\",\"prisiminimai\",\"progimnazijos\",\"\u0160altini\u0173\",\"\u0161vent\u0117\",\"tradicijos\"],\"articleSection\":[\"\u0160VIETIMAS IR MOKSLAS\"],\"inLanguage\":\"lt-LT\"},{\"@type\":\"WebPage\",\"@id\":\"https:\/\/dizainoarkliukas.lt\/?p=5194\",\"url\":\"https:\/\/dizainoarkliukas.lt\/?p=5194\",\"name\":\"\u0160altini\u0173 progimnazijos 50-me\u010dio \u0161vent\u0117: tradicijos, prisiminimai ir bendryst\u0117 - DizainoArkliukas.LT\",\"isPartOf\":{\"@id\":\"https:\/\/dizainoarkliukas.lt\/#website\"},\"primaryImageOfPage\":{\"@id\":\"https:\/\/dizainoarkliukas.lt\/?p=5194#primaryimage\"},\"image\":{\"@id\":\"https:\/\/dizainoarkliukas.lt\/?p=5194#primaryimage\"},\"thumbnailUrl\":\"https:\/\/dizainoarkliukas.lt\/wp-content\/uploads\/2025\/11\/Saltiniu-progimnazijos-50-mecio-svente-tradicijos-prisiminimai-ir-bendryste.jpg\",\"datePublished\":\"2025-11-24T14:08:56+00:00\",\"author\":{\"@id\":\"https:\/\/dizainoarkliukas.lt\/#\/schema\/person\/df455e1ad6975b49e5033c007baf6d7c\"},\"breadcrumb\":{\"@id\":\"https:\/\/dizainoarkliukas.lt\/?p=5194#breadcrumb\"},\"inLanguage\":\"lt-LT\",\"potentialAction\":[{\"@type\":\"ReadAction\",\"target\":[\"https:\/\/dizainoarkliukas.lt\/?p=5194\"]}]},{\"@type\":\"ImageObject\",\"inLanguage\":\"lt-LT\",\"@id\":\"https:\/\/dizainoarkliukas.lt\/?p=5194#primaryimage\",\"url\":\"https:\/\/dizainoarkliukas.lt\/wp-content\/uploads\/2025\/11\/Saltiniu-progimnazijos-50-mecio-svente-tradicijos-prisiminimai-ir-bendryste.jpg\",\"contentUrl\":\"https:\/\/dizainoarkliukas.lt\/wp-content\/uploads\/2025\/11\/Saltiniu-progimnazijos-50-mecio-svente-tradicijos-prisiminimai-ir-bendryste.jpg\",\"width\":1200,\"height\":623},{\"@type\":\"BreadcrumbList\",\"@id\":\"https:\/\/dizainoarkliukas.lt\/?p=5194#breadcrumb\",\"itemListElement\":[{\"@type\":\"ListItem\",\"position\":1,\"name\":\"Home\",\"item\":\"https:\/\/dizainoarkliukas.lt\/\"},{\"@type\":\"ListItem\",\"position\":2,\"name\":\"\u0160altini\u0173 progimnazijos 50-me\u010dio \u0161vent\u0117: tradicijos, prisiminimai ir bendryst\u0117\"}]},{\"@type\":\"WebSite\",\"@id\":\"https:\/\/dizainoarkliukas.lt\/#website\",\"url\":\"https:\/\/dizainoarkliukas.lt\/\",\"name\":\"DizainoArkliukas.LT\",\"description\":\"Interneto technologijos, blok\u0173 grandin\u0117s, kripto turtas\",\"potentialAction\":[{\"@type\":\"SearchAction\",\"target\":{\"@type\":\"EntryPoint\",\"urlTemplate\":\"https:\/\/dizainoarkliukas.lt\/?s={search_term_string}\"},\"query-input\":{\"@type\":\"PropertyValueSpecification\",\"valueRequired\":true,\"valueName\":\"search_term_string\"}}],\"inLanguage\":\"lt-LT\"},{\"@type\":\"Person\",\"@id\":\"https:\/\/dizainoarkliukas.lt\/#\/schema\/person\/df455e1ad6975b49e5033c007baf6d7c\",\"name\":\"admin\",\"image\":{\"@type\":\"ImageObject\",\"inLanguage\":\"lt-LT\",\"@id\":\"https:\/\/dizainoarkliukas.lt\/#\/schema\/person\/image\/\",\"url\":\"https:\/\/secure.gravatar.com\/avatar\/6323379efae0c70c686c7905444d6bbd?s=96&d=mm&r=g\",\"contentUrl\":\"https:\/\/secure.gravatar.com\/avatar\/6323379efae0c70c686c7905444d6bbd?s=96&d=mm&r=g\",\"caption\":\"admin\"},\"sameAs\":[\"https:\/\/dizainoarkliukas.lt\"],\"url\":\"https:\/\/dizainoarkliukas.lt\/?author=1\"}]}<\/script>\n<!-- \/ Yoast SEO plugin. -->","yoast_head_json":{"title":"\u0160altini\u0173 progimnazijos 50-me\u010dio \u0161vent\u0117: tradicijos, prisiminimai ir bendryst\u0117 - DizainoArkliukas.LT","robots":{"index":"index","follow":"follow","max-snippet":"max-snippet:-1","max-image-preview":"max-image-preview:large","max-video-preview":"max-video-preview:-1"},"canonical":"https:\/\/dizainoarkliukas.lt\/?p=5194","og_locale":"lt_LT","og_type":"article","og_title":"\u0160altini\u0173 progimnazijos 50-me\u010dio \u0161vent\u0117: tradicijos, prisiminimai ir bendryst\u0117 - DizainoArkliukas.LT","og_description":"Alytaus \u0160altini\u0173 progimnazijai \u2013 50. Penktadienio vakar\u0105 progimnazijoje \u0161ia proga surengtas \u0161ventinis renginys. Pasveikinti \u0161vietimo \u012fstaigos bendruomen\u0119 susirinko Alytaus miesto&hellip;","og_url":"https:\/\/dizainoarkliukas.lt\/?p=5194","og_site_name":"DizainoArkliukas.LT","article_published_time":"2025-11-24T14:08:56+00:00","og_image":[{"url":"https:\/\/miestonaujienos.lt\/wp-content\/uploads\/2025\/03\/partneriu-turinys-1.jpg","type":"","width":"","height":""}],"author":"admin","twitter_card":"summary_large_image","twitter_misc":{"Written by":"admin","Est. reading time":"2 minut\u0117s"},"schema":{"@context":"https:\/\/schema.org","@graph":[{"@type":"Article","@id":"https:\/\/dizainoarkliukas.lt\/?p=5194#article","isPartOf":{"@id":"https:\/\/dizainoarkliukas.lt\/?p=5194"},"author":{"name":"admin","@id":"https:\/\/dizainoarkliukas.lt\/#\/schema\/person\/df455e1ad6975b49e5033c007baf6d7c"},"headline":"\u0160altini\u0173 progimnazijos 50-me\u010dio \u0161vent\u0117: tradicijos, prisiminimai ir bendryst\u0117","datePublished":"2025-11-24T14:08:56+00:00","mainEntityOfPage":{"@id":"https:\/\/dizainoarkliukas.lt\/?p=5194"},"wordCount":388,"image":{"@id":"https:\/\/dizainoarkliukas.lt\/?p=5194#primaryimage"},"thumbnailUrl":"https:\/\/dizainoarkliukas.lt\/wp-content\/uploads\/2025\/11\/Saltiniu-progimnazijos-50-mecio-svente-tradicijos-prisiminimai-ir-bendryste.jpg","keywords":["50me\u010dio","bendryst\u0117","prisiminimai","progimnazijos","\u0160altini\u0173","\u0161vent\u0117","tradicijos"],"articleSection":["\u0160VIETIMAS IR MOKSLAS"],"inLanguage":"lt-LT"},{"@type":"WebPage","@id":"https:\/\/dizainoarkliukas.lt\/?p=5194","url":"https:\/\/dizainoarkliukas.lt\/?p=5194","name":"\u0160altini\u0173 progimnazijos 50-me\u010dio \u0161vent\u0117: tradicijos, prisiminimai ir bendryst\u0117 - DizainoArkliukas.LT","isPartOf":{"@id":"https:\/\/dizainoarkliukas.lt\/#website"},"primaryImageOfPage":{"@id":"https:\/\/dizainoarkliukas.lt\/?p=5194#primaryimage"},"image":{"@id":"https:\/\/dizainoarkliukas.lt\/?p=5194#primaryimage"},"thumbnailUrl":"https:\/\/dizainoarkliukas.lt\/wp-content\/uploads\/2025\/11\/Saltiniu-progimnazijos-50-mecio-svente-tradicijos-prisiminimai-ir-bendryste.jpg","datePublished":"2025-11-24T14:08:56+00:00","author":{"@id":"https:\/\/dizainoarkliukas.lt\/#\/schema\/person\/df455e1ad6975b49e5033c007baf6d7c"},"breadcrumb":{"@id":"https:\/\/dizainoarkliukas.lt\/?p=5194#breadcrumb"},"inLanguage":"lt-LT","potentialAction":[{"@type":"ReadAction","target":["https:\/\/dizainoarkliukas.lt\/?p=5194"]}]},{"@type":"ImageObject","inLanguage":"lt-LT","@id":"https:\/\/dizainoarkliukas.lt\/?p=5194#primaryimage","url":"https:\/\/dizainoarkliukas.lt\/wp-content\/uploads\/2025\/11\/Saltiniu-progimnazijos-50-mecio-svente-tradicijos-prisiminimai-ir-bendryste.jpg","contentUrl":"https:\/\/dizainoarkliukas.lt\/wp-content\/uploads\/2025\/11\/Saltiniu-progimnazijos-50-mecio-svente-tradicijos-prisiminimai-ir-bendryste.jpg","width":1200,"height":623},{"@type":"BreadcrumbList","@id":"https:\/\/dizainoarkliukas.lt\/?p=5194#breadcrumb","itemListElement":[{"@type":"ListItem","position":1,"name":"Home","item":"https:\/\/dizainoarkliukas.lt\/"},{"@type":"ListItem","position":2,"name":"\u0160altini\u0173 progimnazijos 50-me\u010dio \u0161vent\u0117: tradicijos, prisiminimai ir bendryst\u0117"}]},{"@type":"WebSite","@id":"https:\/\/dizainoarkliukas.lt\/#website","url":"https:\/\/dizainoarkliukas.lt\/","name":"DizainoArkliukas.LT","description":"Interneto technologijos, blok\u0173 grandin\u0117s, kripto turtas","potentialAction":[{"@type":"SearchAction","target":{"@type":"EntryPoint","urlTemplate":"https:\/\/dizainoarkliukas.lt\/?s={search_term_string}"},"query-input":{"@type":"PropertyValueSpecification","valueRequired":true,"valueName":"search_term_string"}}],"inLanguage":"lt-LT"},{"@type":"Person","@id":"https:\/\/dizainoarkliukas.lt\/#\/schema\/person\/df455e1ad6975b49e5033c007baf6d7c","name":"admin","image":{"@type":"ImageObject","inLanguage":"lt-LT","@id":"https:\/\/dizainoarkliukas.lt\/#\/schema\/person\/image\/","url":"https:\/\/secure.gravatar.com\/avatar\/6323379efae0c70c686c7905444d6bbd?s=96&d=mm&r=g","contentUrl":"https:\/\/secure.gravatar.com\/avatar\/6323379efae0c70c686c7905444d6bbd?s=96&d=mm&r=g","caption":"admin"},"sameAs":["https:\/\/dizainoarkliukas.lt"],"url":"https:\/\/dizainoarkliukas.lt\/?author=1"}]}},"jetpack_featured_media_url":"https:\/\/dizainoarkliukas.lt\/wp-content\/uploads\/2025\/11\/Saltiniu-progimnazijos-50-mecio-svente-tradicijos-prisiminimai-ir-bendryste.jpg","_links":{"self":[{"href":"https:\/\/dizainoarkliukas.lt\/index.php?rest_route=\/wp\/v2\/posts\/5194","targetHints":{"allow":["GET"]}}],"collection":[{"href":"https:\/\/dizainoarkliukas.lt\/index.php?rest_route=\/wp\/v2\/posts"}],"about":[{"href":"https:\/\/dizainoarkliukas.lt\/index.php?rest_route=\/wp\/v2\/types\/post"}],"author":[{"embeddable":true,"href":"https:\/\/dizainoarkliukas.lt\/index.php?rest_route=\/wp\/v2\/users\/1"}],"replies":[{"embeddable":true,"href":"https:\/\/dizainoarkliukas.lt\/index.php?rest_route=%2Fwp%2Fv2%2Fcomments&post=5194"}],"version-history":[{"count":0,"href":"https:\/\/dizainoarkliukas.lt\/index.php?rest_route=\/wp\/v2\/posts\/5194\/revisions"}],"wp:featuredmedia":[{"embeddable":true,"href":"https:\/\/dizainoarkliukas.lt\/index.php?rest_route=\/wp\/v2\/media\/5195"}],"wp:attachment":[{"href":"https:\/\/dizainoarkliukas.lt\/index.php?rest_route=%2Fwp%2Fv2%2Fmedia&parent=5194"}],"wp:term":[{"taxonomy":"category","embeddable":true,"href":"https:\/\/dizainoarkliukas.lt\/index.php?rest_route=%2Fwp%2Fv2%2Fcategories&post=5194"},{"taxonomy":"post_tag","embeddable":true,"href":"https:\/\/dizainoarkliukas.lt\/index.php?rest_route=%2Fwp%2Fv2%2Ftags&post=5194"}],"curies":[{"name":"wp","href":"https:\/\/api.w.org\/{rel}","templated":true}]}}