{"id":7133,"date":"2026-03-18T21:09:53","date_gmt":"2026-03-18T21:09:53","guid":{"rendered":"https:\/\/dizainoarkliukas.lt\/?p=7133"},"modified":"2026-03-18T21:09:53","modified_gmt":"2026-03-18T21:09:53","slug":"alytaus-miesto-savivaldybe-gavo-susirupinusiu-adolfo-ramanausko-vanago-gimnazijos-tevu-kreipimasi","status":"publish","type":"post","link":"https:\/\/dizainoarkliukas.lt\/?p=7133","title":{"rendered":"Alytaus miesto savivaldyb\u0117 gavo susir\u016bpinusi\u0173 Adolfo Ramanausko-Vanago gimnazijos t\u0117v\u0173 kreipim\u0105si"},"content":{"rendered":"<p><\/p>\n<div wp_automatic_readability=\"121.95635430039\">\n<p><strong>Prakalbo mokini\u0173 t\u0117vai. Alytaus miesto savivaldyb\u0117 gavo susir\u016bpinusi\u0173 Adolfo Ramanausko-Vanago gimnazijos t\u0117v\u0173 kreipim\u0105si. <\/strong><\/p>\n<p>Situacija nagrin\u0117jama, derybos vykdomos, o pirmadien\u012f planuojama visi\u0161kai atnaujinti ugdymo proces\u0105.<\/p>\n<p>\u201eGerb. Mokytoja Meile Plat\u016bkiene, ir j\u0105 palaikantieji,<br \/>mokyklos bendruomen\u0119 sudaro: mokytojai, mokiniai ir j\u0173 t\u0117vai. <\/p>\n<p>2026-03-02 mus pasiek\u0117 \u017einia, kad Adolfo Ramanausko-Vanago gimnazijoje daug pa\u0161alini\u0173 asmen\u0173, dalies pamok\u0173 n\u0117ra. Atvykusieji palaiko mokytoj\u0105 M. Plat\u016bkien\u0119.<\/p>\n<p>Klausimas: o kod\u0117l palaikymas vyko ne lauke, parke, kavin\u0117je, gatv\u0117je ar pan., o mokykloje, kuri yra skirta darbo metu i\u0161skirtinai ugdymo procesui?<\/p>\n<p>2026-03-03 dalis mokytoj\u0173 prad\u0117jo streik\u0105, ta\u010diau pagal Darbo kodekso str. 246 str. \u201eDarbdavio \u012fsp\u0117jimas apie b\u016bsim\u0105 streik\u0105\u201c nurodyta, jog \u201eApie b\u016bsimo \u012fsp\u0117jamojo streiko prad\u017ei\u0105 darbdavys ar darbdavi\u0173 organizacija ir atskiri jos nariai \u2013 darbdaviai turi b\u016bti \u012fsp\u0117ti ra\u0161tu ne v\u0117liau kaip prie\u0161 tris darbo dienas, o prie\u0161 tikrojo streiko prad\u017ei\u0105 \u2013 ne v\u0117liau kaip prie\u0161 penkias darbo dienas, nusiun\u010diant jiems profesin\u0117s s\u0105jungos ar j\u0173 organizacijos sprendim\u0105 skelbti streik\u0105\u201c. Teis\u0117s akt\u0173 tvarkos nesilaikyta, prane\u0161imai negauti, dalis mokytoj\u0173 vietoj pamok\u0173 mokinius nusived\u0117 \u012f Alytaus miesto savivaldyb\u0119. Teisi\u0161kai streikas neteis\u0117tas.<\/p>\n<p>Klausimas: ar savivaldyb\u0117s priimamajame mokiniai mok\u0117si matematikos ir taip ruo\u0161\u0117si bandomiesiems egzaminams? <\/p>\n<p>2026-03-04, kadangi streikas nustatyta tvarka nepaskelbtas, tai vykdomi veiksmai pavadinti susirinkimu. Lietuvos Respublikos susirinkim\u0173 \u012fstatymo 1 str. 5 d. \u012ftvirtinta, kad \u201e\u012fstatym\u0173 nustatyta tvarka \u012fregistruotos politin\u0117s partijos, politin\u0117s organizacijos, asociacijos, profesin\u0117s s\u0105jungos, rengian\u010dios savo nari\u0173 ir kviestini\u0173 asmen\u0173 susirinkimus pagal savo \u012fstatus savo ar kitose teis\u0117tai valdomose ir naudojamose patalpose\u201c. <\/p>\n<p>Klausimas: nuo kada mokykla tapo profesin\u0117s s\u0105jungos susirinkimo vieta? Kokiu pagrindu pa\u0161aliniai asmenys (profs\u0105jungos atstovai) savavali\u0161kai atvyko ir u\u017e\u0117m\u0117 mokymosi klas\u0119? Kaip profs\u0105junga u\u017etikrino mokini\u0173 saugum\u0105, kviesdami \u017einiasklaid\u0105 \u012f ne vie\u0161\u0105 mokyklos teritorij\u0105, kurioje buvo kalbinami mokiniai\u201c.<\/p>\n<p>Visuotin\u0117je \u017emogaus teisi\u0173 deklaracijos 26 str. sako, kad \u201eKiekvienas turi teis\u0119 \u012f moksl\u0105\u201c. Jau beveik dvi savaites laiko A. Ramanausko-Vanago gimnazijoje dalinai paraly\u017eiuotas mokymosi procesas, nuolat fiksuojamos mokytoj\u0173 pravaik\u0161tos, suprie\u0161inta bendruomen\u0117 \u201eU\u017e mokytoj\u0105\u201c ir tie, kurie \u201etiesiog nori mokytis\u201c.<\/p>\n<p>Gerbiami \u201estreikuotojai\u201c sakome NE tokiai \u201eteisiniu keliu ie\u0161komai tiesai\u201c. Mes ne prie\u0161 etikos mokytoj\u0105, bet J\u016bs pasiklydote reikalavim\u0173 tyruose \u2013 elkit\u0117s teis\u0117tai ir sk\u0173skite priimt\u0105 sprendim\u0105 Darbo gin\u010d\u0173 komisijai ar kreipkit\u0117s \u012f teism\u0105.<\/p>\n<p>Reikalaujame \u2013 pirmadien\u012f (2026-03-09) atnaujinti mokymosi proces\u0105 gimnazijoje, jeigu mokytojai sugr\u012f\u017eta \u012f darb\u0105.<\/p>\n<p>Jeigu ne \u2013 atleisti mokytojus, kurie neina \u012f darb\u0105, nemok\u0117ti atlyginimo u\u017e pravaik\u0161tas ir surasti kitus \u0161vietimo atstovus, kurie dirbs savo darb\u0105 ir m\u016bs\u0173 VAIKAMS leis mokytis ir ruo\u0161tis egzaminams.<\/p>\n<p>Norime priminti, kad Mokykla \u2013 ne sm\u0117lio d\u0117\u017e\u0117 ir mes ne dar\u017eelyje.<\/p>\n<p>Jei vienoje i\u0161 geriausi\u0173 gimnazij\u0173 Lietuvoje kris egzamin\u0173 i\u0161laikymo lygis, gerb. mokytoja Meile, ar J\u016bs pakeisite pa\u017eymius ir atsakysite, kod\u0117l vaikai ka\u017eko nei\u0161moko? Galime atsakyti \u2013 personalin\u0117s atsakomyb\u0117s nebus, o \u017eala jau padaryta.<\/p>\n<p>Su did\u017eiausia pagarba<br \/>Alytaus A. Ramanausko \u2013 Vanago mokini\u0173 t\u0117vai.\u201c<\/p>\n<pre class=\"wp-block-verse\">\u2022 Komunikacijos skyriaus informacija<\/pre>\n<div class=\"g g-82\">\n<div class=\"g-single a-233\"><\/div>\n<\/div><\/div>\n<p><a href=\"https:\/\/miestonaujienos.lt\/alytaus-miesto-savivaldybe-gavo-susirupinusiu-adolfo-ramanausko-vanago-gimnazijos-tevu-kreipimasi\/\"> Nuoroda \u012f informacijos \u0161altin\u012f <\/a><\/p>\n","protected":false},"excerpt":{"rendered":"<p>Prakalbo mokini\u0173 t\u0117vai. Alytaus miesto savivaldyb\u0117 gavo susir\u016bpinusi\u0173 Adolfo Ramanausko-Vanago gimnazijos t\u0117v\u0173 kreipim\u0105si. Situacija nagrin\u0117jama, derybos vykdomos, o pirmadien\u012f planuojama&hellip;<\/p>\n","protected":false},"author":1,"featured_media":6982,"comment_status":"","ping_status":"","sticky":false,"template":"","format":"standard","meta":{"om_disable_all_campaigns":false,"_monsterinsights_skip_tracking":false,"_monsterinsights_sitenote_active":false,"_monsterinsights_sitenote_note":"","_monsterinsights_sitenote_category":0,"footnotes":""},"categories":[51],"tags":[9647,2941,8695,1060,9822,1779,9648,8799,9821,214],"class_list":["post-7133","post","type-post","status-publish","format-standard","has-post-thumbnail","hentry","category-svietimas-ir-mokslas","tag-adolfo","tag-alytaus","tag-gavo","tag-gimnazijos","tag-kreipimasi","tag-miesto","tag-ramanauskovanago","tag-savivaldybe","tag-susirupinusiu","tag-tevu"],"aioseo_notices":[],"yoast_head":"<!-- This site is optimized with the Yoast SEO plugin v26.8 - https:\/\/yoast.com\/product\/yoast-seo-wordpress\/ -->\n<title>Alytaus miesto savivaldyb\u0117 gavo susir\u016bpinusi\u0173 Adolfo Ramanausko-Vanago gimnazijos t\u0117v\u0173 kreipim\u0105si - DizainoArkliukas.LT<\/title>\n<meta name=\"robots\" content=\"index, follow, max-snippet:-1, max-image-preview:large, max-video-preview:-1\" \/>\n<link rel=\"canonical\" href=\"https:\/\/dizainoarkliukas.lt\/?p=7133\" \/>\n<meta property=\"og:locale\" content=\"lt_LT\" \/>\n<meta property=\"og:type\" content=\"article\" \/>\n<meta property=\"og:title\" content=\"Alytaus miesto savivaldyb\u0117 gavo susir\u016bpinusi\u0173 Adolfo Ramanausko-Vanago gimnazijos t\u0117v\u0173 kreipim\u0105si - DizainoArkliukas.LT\" \/>\n<meta property=\"og:description\" content=\"Prakalbo mokini\u0173 t\u0117vai. Alytaus miesto savivaldyb\u0117 gavo susir\u016bpinusi\u0173 Adolfo Ramanausko-Vanago gimnazijos t\u0117v\u0173 kreipim\u0105si. Situacija nagrin\u0117jama, derybos vykdomos, o pirmadien\u012f planuojama&hellip;\" \/>\n<meta property=\"og:url\" content=\"https:\/\/dizainoarkliukas.lt\/?p=7133\" \/>\n<meta property=\"og:site_name\" content=\"DizainoArkliukas.LT\" \/>\n<meta property=\"article:published_time\" content=\"2026-03-18T21:09:53+00:00\" \/>\n<meta property=\"og:image\" content=\"https:\/\/miestonaujienos.lt\/wp-content\/uploads\/2026\/02\/Savivalsybiu-zinios-2026-e1770085405454.png\" \/>\n<meta name=\"author\" content=\"admin\" \/>\n<meta name=\"twitter:card\" content=\"summary_large_image\" \/>\n<meta name=\"twitter:label1\" content=\"Written by\" \/>\n\t<meta name=\"twitter:data1\" content=\"admin\" \/>\n\t<meta name=\"twitter:label2\" content=\"Est. reading time\" \/>\n\t<meta name=\"twitter:data2\" content=\"3 minut\u0117s\" \/>\n<script type=\"application\/ld+json\" class=\"yoast-schema-graph\">{\"@context\":\"https:\/\/schema.org\",\"@graph\":[{\"@type\":\"Article\",\"@id\":\"https:\/\/dizainoarkliukas.lt\/?p=7133#article\",\"isPartOf\":{\"@id\":\"https:\/\/dizainoarkliukas.lt\/?p=7133\"},\"author\":{\"name\":\"admin\",\"@id\":\"https:\/\/dizainoarkliukas.lt\/#\/schema\/person\/df455e1ad6975b49e5033c007baf6d7c\"},\"headline\":\"Alytaus miesto savivaldyb\u0117 gavo susir\u016bpinusi\u0173 Adolfo Ramanausko-Vanago gimnazijos t\u0117v\u0173 kreipim\u0105si\",\"datePublished\":\"2026-03-18T21:09:53+00:00\",\"mainEntityOfPage\":{\"@id\":\"https:\/\/dizainoarkliukas.lt\/?p=7133\"},\"wordCount\":516,\"image\":{\"@id\":\"https:\/\/dizainoarkliukas.lt\/?p=7133#primaryimage\"},\"thumbnailUrl\":\"https:\/\/dizainoarkliukas.lt\/wp-content\/uploads\/2026\/03\/I-Alytaus-Adolfo-Ramanausko-Vanago-gimnazija-isvyko-mediatore.jpeg\",\"keywords\":[\"Adolfo\",\"Alytaus\",\"gavo\",\"gimnazijos\",\"kreipim\u0105si\",\"Miesto\",\"RamanauskoVanago\",\"savivaldyb\u0117\",\"susir\u016bpinusi\u0173\",\"t\u0117v\u0173\"],\"articleSection\":[\"\u0160VIETIMAS IR MOKSLAS\"],\"inLanguage\":\"lt-LT\"},{\"@type\":\"WebPage\",\"@id\":\"https:\/\/dizainoarkliukas.lt\/?p=7133\",\"url\":\"https:\/\/dizainoarkliukas.lt\/?p=7133\",\"name\":\"Alytaus miesto savivaldyb\u0117 gavo susir\u016bpinusi\u0173 Adolfo Ramanausko-Vanago gimnazijos t\u0117v\u0173 kreipim\u0105si - DizainoArkliukas.LT\",\"isPartOf\":{\"@id\":\"https:\/\/dizainoarkliukas.lt\/#website\"},\"primaryImageOfPage\":{\"@id\":\"https:\/\/dizainoarkliukas.lt\/?p=7133#primaryimage\"},\"image\":{\"@id\":\"https:\/\/dizainoarkliukas.lt\/?p=7133#primaryimage\"},\"thumbnailUrl\":\"https:\/\/dizainoarkliukas.lt\/wp-content\/uploads\/2026\/03\/I-Alytaus-Adolfo-Ramanausko-Vanago-gimnazija-isvyko-mediatore.jpeg\",\"datePublished\":\"2026-03-18T21:09:53+00:00\",\"author\":{\"@id\":\"https:\/\/dizainoarkliukas.lt\/#\/schema\/person\/df455e1ad6975b49e5033c007baf6d7c\"},\"breadcrumb\":{\"@id\":\"https:\/\/dizainoarkliukas.lt\/?p=7133#breadcrumb\"},\"inLanguage\":\"lt-LT\",\"potentialAction\":[{\"@type\":\"ReadAction\",\"target\":[\"https:\/\/dizainoarkliukas.lt\/?p=7133\"]}]},{\"@type\":\"ImageObject\",\"inLanguage\":\"lt-LT\",\"@id\":\"https:\/\/dizainoarkliukas.lt\/?p=7133#primaryimage\",\"url\":\"https:\/\/dizainoarkliukas.lt\/wp-content\/uploads\/2026\/03\/I-Alytaus-Adolfo-Ramanausko-Vanago-gimnazija-isvyko-mediatore.jpeg\",\"contentUrl\":\"https:\/\/dizainoarkliukas.lt\/wp-content\/uploads\/2026\/03\/I-Alytaus-Adolfo-Ramanausko-Vanago-gimnazija-isvyko-mediatore.jpeg\",\"width\":1200,\"height\":800},{\"@type\":\"BreadcrumbList\",\"@id\":\"https:\/\/dizainoarkliukas.lt\/?p=7133#breadcrumb\",\"itemListElement\":[{\"@type\":\"ListItem\",\"position\":1,\"name\":\"Home\",\"item\":\"https:\/\/dizainoarkliukas.lt\/\"},{\"@type\":\"ListItem\",\"position\":2,\"name\":\"Alytaus miesto savivaldyb\u0117 gavo susir\u016bpinusi\u0173 Adolfo Ramanausko-Vanago gimnazijos t\u0117v\u0173 kreipim\u0105si\"}]},{\"@type\":\"WebSite\",\"@id\":\"https:\/\/dizainoarkliukas.lt\/#website\",\"url\":\"https:\/\/dizainoarkliukas.lt\/\",\"name\":\"DizainoArkliukas.LT\",\"description\":\"Interneto technologijos, blok\u0173 grandin\u0117s, kripto turtas\",\"potentialAction\":[{\"@type\":\"SearchAction\",\"target\":{\"@type\":\"EntryPoint\",\"urlTemplate\":\"https:\/\/dizainoarkliukas.lt\/?s={search_term_string}\"},\"query-input\":{\"@type\":\"PropertyValueSpecification\",\"valueRequired\":true,\"valueName\":\"search_term_string\"}}],\"inLanguage\":\"lt-LT\"},{\"@type\":\"Person\",\"@id\":\"https:\/\/dizainoarkliukas.lt\/#\/schema\/person\/df455e1ad6975b49e5033c007baf6d7c\",\"name\":\"admin\",\"image\":{\"@type\":\"ImageObject\",\"inLanguage\":\"lt-LT\",\"@id\":\"https:\/\/dizainoarkliukas.lt\/#\/schema\/person\/image\/\",\"url\":\"https:\/\/secure.gravatar.com\/avatar\/6323379efae0c70c686c7905444d6bbd?s=96&d=mm&r=g\",\"contentUrl\":\"https:\/\/secure.gravatar.com\/avatar\/6323379efae0c70c686c7905444d6bbd?s=96&d=mm&r=g\",\"caption\":\"admin\"},\"sameAs\":[\"https:\/\/dizainoarkliukas.lt\"],\"url\":\"https:\/\/dizainoarkliukas.lt\/?author=1\"}]}<\/script>\n<!-- \/ Yoast SEO plugin. -->","yoast_head_json":{"title":"Alytaus miesto savivaldyb\u0117 gavo susir\u016bpinusi\u0173 Adolfo Ramanausko-Vanago gimnazijos t\u0117v\u0173 kreipim\u0105si - DizainoArkliukas.LT","robots":{"index":"index","follow":"follow","max-snippet":"max-snippet:-1","max-image-preview":"max-image-preview:large","max-video-preview":"max-video-preview:-1"},"canonical":"https:\/\/dizainoarkliukas.lt\/?p=7133","og_locale":"lt_LT","og_type":"article","og_title":"Alytaus miesto savivaldyb\u0117 gavo susir\u016bpinusi\u0173 Adolfo Ramanausko-Vanago gimnazijos t\u0117v\u0173 kreipim\u0105si - DizainoArkliukas.LT","og_description":"Prakalbo mokini\u0173 t\u0117vai. Alytaus miesto savivaldyb\u0117 gavo susir\u016bpinusi\u0173 Adolfo Ramanausko-Vanago gimnazijos t\u0117v\u0173 kreipim\u0105si. Situacija nagrin\u0117jama, derybos vykdomos, o pirmadien\u012f planuojama&hellip;","og_url":"https:\/\/dizainoarkliukas.lt\/?p=7133","og_site_name":"DizainoArkliukas.LT","article_published_time":"2026-03-18T21:09:53+00:00","og_image":[{"url":"https:\/\/miestonaujienos.lt\/wp-content\/uploads\/2026\/02\/Savivalsybiu-zinios-2026-e1770085405454.png","type":"","width":"","height":""}],"author":"admin","twitter_card":"summary_large_image","twitter_misc":{"Written by":"admin","Est. reading time":"3 minut\u0117s"},"schema":{"@context":"https:\/\/schema.org","@graph":[{"@type":"Article","@id":"https:\/\/dizainoarkliukas.lt\/?p=7133#article","isPartOf":{"@id":"https:\/\/dizainoarkliukas.lt\/?p=7133"},"author":{"name":"admin","@id":"https:\/\/dizainoarkliukas.lt\/#\/schema\/person\/df455e1ad6975b49e5033c007baf6d7c"},"headline":"Alytaus miesto savivaldyb\u0117 gavo susir\u016bpinusi\u0173 Adolfo Ramanausko-Vanago gimnazijos t\u0117v\u0173 kreipim\u0105si","datePublished":"2026-03-18T21:09:53+00:00","mainEntityOfPage":{"@id":"https:\/\/dizainoarkliukas.lt\/?p=7133"},"wordCount":516,"image":{"@id":"https:\/\/dizainoarkliukas.lt\/?p=7133#primaryimage"},"thumbnailUrl":"https:\/\/dizainoarkliukas.lt\/wp-content\/uploads\/2026\/03\/I-Alytaus-Adolfo-Ramanausko-Vanago-gimnazija-isvyko-mediatore.jpeg","keywords":["Adolfo","Alytaus","gavo","gimnazijos","kreipim\u0105si","Miesto","RamanauskoVanago","savivaldyb\u0117","susir\u016bpinusi\u0173","t\u0117v\u0173"],"articleSection":["\u0160VIETIMAS IR MOKSLAS"],"inLanguage":"lt-LT"},{"@type":"WebPage","@id":"https:\/\/dizainoarkliukas.lt\/?p=7133","url":"https:\/\/dizainoarkliukas.lt\/?p=7133","name":"Alytaus miesto savivaldyb\u0117 gavo susir\u016bpinusi\u0173 Adolfo Ramanausko-Vanago gimnazijos t\u0117v\u0173 kreipim\u0105si - DizainoArkliukas.LT","isPartOf":{"@id":"https:\/\/dizainoarkliukas.lt\/#website"},"primaryImageOfPage":{"@id":"https:\/\/dizainoarkliukas.lt\/?p=7133#primaryimage"},"image":{"@id":"https:\/\/dizainoarkliukas.lt\/?p=7133#primaryimage"},"thumbnailUrl":"https:\/\/dizainoarkliukas.lt\/wp-content\/uploads\/2026\/03\/I-Alytaus-Adolfo-Ramanausko-Vanago-gimnazija-isvyko-mediatore.jpeg","datePublished":"2026-03-18T21:09:53+00:00","author":{"@id":"https:\/\/dizainoarkliukas.lt\/#\/schema\/person\/df455e1ad6975b49e5033c007baf6d7c"},"breadcrumb":{"@id":"https:\/\/dizainoarkliukas.lt\/?p=7133#breadcrumb"},"inLanguage":"lt-LT","potentialAction":[{"@type":"ReadAction","target":["https:\/\/dizainoarkliukas.lt\/?p=7133"]}]},{"@type":"ImageObject","inLanguage":"lt-LT","@id":"https:\/\/dizainoarkliukas.lt\/?p=7133#primaryimage","url":"https:\/\/dizainoarkliukas.lt\/wp-content\/uploads\/2026\/03\/I-Alytaus-Adolfo-Ramanausko-Vanago-gimnazija-isvyko-mediatore.jpeg","contentUrl":"https:\/\/dizainoarkliukas.lt\/wp-content\/uploads\/2026\/03\/I-Alytaus-Adolfo-Ramanausko-Vanago-gimnazija-isvyko-mediatore.jpeg","width":1200,"height":800},{"@type":"BreadcrumbList","@id":"https:\/\/dizainoarkliukas.lt\/?p=7133#breadcrumb","itemListElement":[{"@type":"ListItem","position":1,"name":"Home","item":"https:\/\/dizainoarkliukas.lt\/"},{"@type":"ListItem","position":2,"name":"Alytaus miesto savivaldyb\u0117 gavo susir\u016bpinusi\u0173 Adolfo Ramanausko-Vanago gimnazijos t\u0117v\u0173 kreipim\u0105si"}]},{"@type":"WebSite","@id":"https:\/\/dizainoarkliukas.lt\/#website","url":"https:\/\/dizainoarkliukas.lt\/","name":"DizainoArkliukas.LT","description":"Interneto technologijos, blok\u0173 grandin\u0117s, kripto turtas","potentialAction":[{"@type":"SearchAction","target":{"@type":"EntryPoint","urlTemplate":"https:\/\/dizainoarkliukas.lt\/?s={search_term_string}"},"query-input":{"@type":"PropertyValueSpecification","valueRequired":true,"valueName":"search_term_string"}}],"inLanguage":"lt-LT"},{"@type":"Person","@id":"https:\/\/dizainoarkliukas.lt\/#\/schema\/person\/df455e1ad6975b49e5033c007baf6d7c","name":"admin","image":{"@type":"ImageObject","inLanguage":"lt-LT","@id":"https:\/\/dizainoarkliukas.lt\/#\/schema\/person\/image\/","url":"https:\/\/secure.gravatar.com\/avatar\/6323379efae0c70c686c7905444d6bbd?s=96&d=mm&r=g","contentUrl":"https:\/\/secure.gravatar.com\/avatar\/6323379efae0c70c686c7905444d6bbd?s=96&d=mm&r=g","caption":"admin"},"sameAs":["https:\/\/dizainoarkliukas.lt"],"url":"https:\/\/dizainoarkliukas.lt\/?author=1"}]}},"jetpack_featured_media_url":"https:\/\/dizainoarkliukas.lt\/wp-content\/uploads\/2026\/03\/I-Alytaus-Adolfo-Ramanausko-Vanago-gimnazija-isvyko-mediatore.jpeg","_links":{"self":[{"href":"https:\/\/dizainoarkliukas.lt\/index.php?rest_route=\/wp\/v2\/posts\/7133","targetHints":{"allow":["GET"]}}],"collection":[{"href":"https:\/\/dizainoarkliukas.lt\/index.php?rest_route=\/wp\/v2\/posts"}],"about":[{"href":"https:\/\/dizainoarkliukas.lt\/index.php?rest_route=\/wp\/v2\/types\/post"}],"author":[{"embeddable":true,"href":"https:\/\/dizainoarkliukas.lt\/index.php?rest_route=\/wp\/v2\/users\/1"}],"replies":[{"embeddable":true,"href":"https:\/\/dizainoarkliukas.lt\/index.php?rest_route=%2Fwp%2Fv2%2Fcomments&post=7133"}],"version-history":[{"count":0,"href":"https:\/\/dizainoarkliukas.lt\/index.php?rest_route=\/wp\/v2\/posts\/7133\/revisions"}],"wp:featuredmedia":[{"embeddable":true,"href":"https:\/\/dizainoarkliukas.lt\/index.php?rest_route=\/wp\/v2\/media\/6982"}],"wp:attachment":[{"href":"https:\/\/dizainoarkliukas.lt\/index.php?rest_route=%2Fwp%2Fv2%2Fmedia&parent=7133"}],"wp:term":[{"taxonomy":"category","embeddable":true,"href":"https:\/\/dizainoarkliukas.lt\/index.php?rest_route=%2Fwp%2Fv2%2Fcategories&post=7133"},{"taxonomy":"post_tag","embeddable":true,"href":"https:\/\/dizainoarkliukas.lt\/index.php?rest_route=%2Fwp%2Fv2%2Ftags&post=7133"}],"curies":[{"name":"wp","href":"https:\/\/api.w.org\/{rel}","templated":true}]}}