{"id":7698,"date":"2026-04-27T23:13:50","date_gmt":"2026-04-27T23:13:50","guid":{"rendered":"https:\/\/dizainoarkliukas.lt\/?p=7698"},"modified":"2026-04-27T23:13:50","modified_gmt":"2026-04-27T23:13:50","slug":"seimui-pateiktos-svietimo-istatymo-pataisos-kad-mokiniu-mokymosi-kruvi-reguliuotu-svietimo-o-ne-sveikatos-ministras","status":"publish","type":"post","link":"https:\/\/dizainoarkliukas.lt\/?p=7698","title":{"rendered":"Seimui pateiktos \u0160vietimo \u012fstatymo pataisos, kad mokini\u0173 mokymosi kr\u016bv\u012f reguliuot\u0173 \u0161vietimo, o ne sveikatos ministras"},"content":{"rendered":"<p><\/p>\n<div>\n<p><span><span><span>Mokini\u0173 mokymosi kr\u016bv\u012f, kiek maksimaliai valand\u0173 mokykloje gali mokytis \u012fvairaus am\u017eiaus mokiniai, nustatys \u0161vietimo, mokslo ir sporto ministro tvirtinami Bendrojo ugdymo planai, o ne sveikatos apsaugos ministro pasira\u0161oma higienos norma, kaip kad yra dabar. Tokias \u0160vietimo \u012fstatymo pataisas \u0161iandien Seimui pateik\u0117 \u0161vietimo, mokslo ir sporto ministr\u0117 Raminta Popovien\u0117. Taip pat kartu teiktos \u0160vietimo \u012fstatymo pataisos, numatan\u010dios, kad visi profesinio mokymo \u012fstaigose dirbantys mokytojai prival\u0117s \u012fgyti pedagogin\u0119 kvalifikacij\u0105.<\/span><\/span><\/span><\/p>\n<p><!-- Either there are no banners, they are disabled or none qualified for this location! --><\/p>\n<p><span><span><span>\u201ePrie\u0161 pateikdami patais\u0105 d\u0117l mokini\u0173 mokymosi kr\u016bvi\u0173 klaus\u0117me \u0161vietimo bendruomen\u0117s nuomon\u0117s, analizavome kaimynini\u0173 \u0161ali\u0173, pvz., Latvijos, Suomijos, Estijos, Lenkijos, patirt\u012f. Daugumoje \u0161ali\u0173 mokymosi kr\u016bv\u012f reguliuoja \u0161vietimo srities teis\u0117s aktai. Tikim\u0117s, kad mokykloms, planuojan\u010dioms naujus mokslo metus, bus parankiau vadovautis vienu teis\u0117s aktu, nustatan\u010diu ugdymo procesus ir s\u0105lygas, bus i\u0161laikomas teis\u0117s akt\u0173 nuoseklumas, ai\u0161kesn\u0117 atsakomyb\u0117 ir labiau u\u017etikrinama derm\u0117. Kiti aspektai, tokie kaip pamok\u0173 trukm\u0117, pertrauk\u0173 skai\u010dius ir trukm\u0117, pamok\u0173 prad\u017eios laikas, ir toliau bus aptariami higienos normoje. Pastarieji dalykai labiau susij\u0119 ne su ugdymu, o su saugi\u0173, ergonomi\u0161k\u0173 mokymosi s\u0105lyg\u0173 u\u017etikrinimu\u201c, \u2013 sako \u00a0\u0161vietimo, mokslo ir sporto ministr\u0117 Raminta Popovien\u0117.<\/span><\/span><\/span><\/p>\n<p><span><span><span>Mokini\u0173 mokymosi kr\u016bvio reguliavim\u0105 perk\u0117lus \u012f \u0161vietimo srities teis\u0117s dokumentus, prireikus bus galima lanks\u010diai j\u012f koreguoti. Dabar higienos normos, kaip sveikatos srities reguliavimo priemon\u0117, n\u0117ra pritaikytos da\u017enesniems ir greitesniems ugdymo organizavimo poky\u010diams.<\/span><\/span><\/span><\/p>\n<p><!-- Either there are no banners, they are disabled or none qualified for this location! --><\/p>\n<p><span><span><span>Seimui patvirtinus, \u0160vietimo \u012fstatymo pataisa d\u0117l mokini\u0173 mokymosi kr\u016bvio reguliavimo \u012fsigaliot\u0173 nuo 2026 met\u0173 rugs\u0117jo 1 d.<\/span><\/span><\/span><\/p>\n<p><span><span><span><strong>Stiprinami reikalavimai profesijos mokytoj\u0173 pasirengimui<\/strong><\/span><\/span><\/span><\/p>\n<p><!-- Either there are no banners, they are disabled or none qualified for this location! --><\/p>\n<p><span><span><span>\u0160vietimo \u012fstatymo pataisos numato, kad visiems profesijos mokytojams, neturintiems pedagogo kvalifikacijos, per 4 metus nuo darbo prad\u017eios bus privaloma baigti profesijos mokytojo program\u0105.\u00a0\u0160iuo metu dirbantys ir pedagogo kvalifikacijos neturintys mokytojai per 4 metus tur\u0117s \u012fgyti profesijos mokytojo arba pedagogo kvalifikacij\u0105.<\/span><\/span><\/span><\/p>\n<p><span><span><span>Tiksliau apibr\u0117\u017eti kvalifikaciniai reikalavimai profesijos mokytojams pad\u0117s didinti profesinio mokymo kokyb\u0119 ir stiprinti nauj\u0173 profesijos mokytoj\u0173 pasirengim\u0105.<\/span><\/span><\/span><\/p>\n<p><span><span><span>Pri\u0117mimas \u012f profesijos mokytojo kvalifikacij\u0105 teikian\u010dias programas prasid\u0117s kartu su \u0161i\u0173 met\u0173 bendruoju pri\u0117mimu\u00a0\u012f profesinio mokymo \u012fstaigas.<\/span><\/span><\/span><\/p>\n<p><span><span><span>Seimui patvirtinus, \u0161i \u012fstatymo nuostata \u012fsigaliot\u0173 nuo 2027 m. rugs\u0117jo 1 d. Dabar norint dirbti profesijos mokytoju pakanka b\u016bti i\u0161klausius pedagogini\u0173 ir psichologini\u0173 \u017eini\u0173 kurs\u0105.<\/span><\/span><\/span><\/p>\n<p><span><span><span>Profesijos mokytojo kvalifikacijai \u012fgyti finansavimas bus skiriamas i\u0161 bendr\u0173 valstyb\u0117s finansuojam\u0173 profesiniam mokymui skirt\u0173 asignavim\u0173.<\/span><\/span><\/span><\/p>\n<p><em><span><span><span>A. \u017duko nuotr.<\/span><\/span><\/span><\/em><\/p>\n<\/div>\n<p><a href=\"https:\/\/miestonaujienos.lt\/seimui-pateiktos-svietimo-istatymo-pataisos-kad-mokiniu-mokymosi-kruvi-reguliuotu-svietimo-o-ne-sveikatos-ministras\/\"> Nuoroda \u012f informacijos \u0161altin\u012f <\/a><\/p>\n","protected":false},"excerpt":{"rendered":"<p>Mokini\u0173 mokymosi kr\u016bv\u012f, kiek maksimaliai valand\u0173 mokykloje gali mokytis \u012fvairaus am\u017eiaus mokiniai, nustatys \u0161vietimo, mokslo ir sporto ministro tvirtinami Bendrojo&hellip;<\/p>\n","protected":false},"author":1,"featured_media":7699,"comment_status":"","ping_status":"","sticky":false,"template":"","format":"standard","meta":{"om_disable_all_campaigns":false,"_monsterinsights_skip_tracking":false,"_monsterinsights_sitenote_active":false,"_monsterinsights_sitenote_note":"","_monsterinsights_sitenote_category":0,"footnotes":""},"categories":[51],"tags":[716,140,3533,5084,1068,2244,2267,10442,10443,10441,4340,195],"class_list":["post-7698","post","type-post","status-publish","format-standard","has-post-thumbnail","hentry","category-svietimas-ir-mokslas","tag-istatymo","tag-kad","tag-kruvi","tag-ministras","tag-mokiniu","tag-mokymosi","tag-pataisos","tag-pateiktos","tag-reguliuotu","tag-seimui","tag-sveikatos","tag-svietimo"],"aioseo_notices":[],"yoast_head":"<!-- This site is optimized with the Yoast SEO plugin v26.8 - https:\/\/yoast.com\/product\/yoast-seo-wordpress\/ -->\n<title>Seimui pateiktos \u0160vietimo \u012fstatymo pataisos, kad mokini\u0173 mokymosi kr\u016bv\u012f reguliuot\u0173 \u0161vietimo, o ne sveikatos ministras - DizainoArkliukas.LT<\/title>\n<meta name=\"robots\" content=\"index, follow, max-snippet:-1, max-image-preview:large, max-video-preview:-1\" \/>\n<link rel=\"canonical\" href=\"https:\/\/dizainoarkliukas.lt\/?p=7698\" \/>\n<meta property=\"og:locale\" content=\"lt_LT\" \/>\n<meta property=\"og:type\" content=\"article\" \/>\n<meta property=\"og:title\" content=\"Seimui pateiktos \u0160vietimo \u012fstatymo pataisos, kad mokini\u0173 mokymosi kr\u016bv\u012f reguliuot\u0173 \u0161vietimo, o ne sveikatos ministras - DizainoArkliukas.LT\" \/>\n<meta property=\"og:description\" content=\"Mokini\u0173 mokymosi kr\u016bv\u012f, kiek maksimaliai valand\u0173 mokykloje gali mokytis \u012fvairaus am\u017eiaus mokiniai, nustatys \u0161vietimo, mokslo ir sporto ministro tvirtinami Bendrojo&hellip;\" \/>\n<meta property=\"og:url\" content=\"https:\/\/dizainoarkliukas.lt\/?p=7698\" \/>\n<meta property=\"og:site_name\" content=\"DizainoArkliukas.LT\" \/>\n<meta property=\"article:published_time\" content=\"2026-04-27T23:13:50+00:00\" \/>\n<meta name=\"author\" content=\"admin\" \/>\n<meta name=\"twitter:card\" content=\"summary_large_image\" \/>\n<meta name=\"twitter:label1\" content=\"Written by\" \/>\n\t<meta name=\"twitter:data1\" content=\"admin\" \/>\n\t<meta name=\"twitter:label2\" content=\"Est. reading time\" \/>\n\t<meta name=\"twitter:data2\" content=\"2 minut\u0117s\" \/>\n<script type=\"application\/ld+json\" class=\"yoast-schema-graph\">{\"@context\":\"https:\/\/schema.org\",\"@graph\":[{\"@type\":\"Article\",\"@id\":\"https:\/\/dizainoarkliukas.lt\/?p=7698#article\",\"isPartOf\":{\"@id\":\"https:\/\/dizainoarkliukas.lt\/?p=7698\"},\"author\":{\"name\":\"admin\",\"@id\":\"https:\/\/dizainoarkliukas.lt\/#\/schema\/person\/df455e1ad6975b49e5033c007baf6d7c\"},\"headline\":\"Seimui pateiktos \u0160vietimo \u012fstatymo pataisos, kad mokini\u0173 mokymosi kr\u016bv\u012f reguliuot\u0173 \u0161vietimo, o ne sveikatos ministras\",\"datePublished\":\"2026-04-27T23:13:50+00:00\",\"mainEntityOfPage\":{\"@id\":\"https:\/\/dizainoarkliukas.lt\/?p=7698\"},\"wordCount\":397,\"image\":{\"@id\":\"https:\/\/dizainoarkliukas.lt\/?p=7698#primaryimage\"},\"thumbnailUrl\":\"https:\/\/dizainoarkliukas.lt\/wp-content\/uploads\/2026\/04\/Seimui-pateiktos-Svietimo-istatymo-pataisos-kad-mokiniu-mokymosi-kruvi-reguliuotu.jpeg\",\"keywords\":[\"\u012fstatymo\",\"kad\",\"kr\u016bv\u012f\",\"ministras\",\"mokini\u0173\",\"mokymosi\",\"pataisos\",\"pateiktos\",\"reguliuot\u0173\",\"Seimui\",\"sveikatos\",\"\u0161vietimo\"],\"articleSection\":[\"\u0160VIETIMAS IR MOKSLAS\"],\"inLanguage\":\"lt-LT\"},{\"@type\":\"WebPage\",\"@id\":\"https:\/\/dizainoarkliukas.lt\/?p=7698\",\"url\":\"https:\/\/dizainoarkliukas.lt\/?p=7698\",\"name\":\"Seimui pateiktos \u0160vietimo \u012fstatymo pataisos, kad mokini\u0173 mokymosi kr\u016bv\u012f reguliuot\u0173 \u0161vietimo, o ne sveikatos ministras - DizainoArkliukas.LT\",\"isPartOf\":{\"@id\":\"https:\/\/dizainoarkliukas.lt\/#website\"},\"primaryImageOfPage\":{\"@id\":\"https:\/\/dizainoarkliukas.lt\/?p=7698#primaryimage\"},\"image\":{\"@id\":\"https:\/\/dizainoarkliukas.lt\/?p=7698#primaryimage\"},\"thumbnailUrl\":\"https:\/\/dizainoarkliukas.lt\/wp-content\/uploads\/2026\/04\/Seimui-pateiktos-Svietimo-istatymo-pataisos-kad-mokiniu-mokymosi-kruvi-reguliuotu.jpeg\",\"datePublished\":\"2026-04-27T23:13:50+00:00\",\"author\":{\"@id\":\"https:\/\/dizainoarkliukas.lt\/#\/schema\/person\/df455e1ad6975b49e5033c007baf6d7c\"},\"breadcrumb\":{\"@id\":\"https:\/\/dizainoarkliukas.lt\/?p=7698#breadcrumb\"},\"inLanguage\":\"lt-LT\",\"potentialAction\":[{\"@type\":\"ReadAction\",\"target\":[\"https:\/\/dizainoarkliukas.lt\/?p=7698\"]}]},{\"@type\":\"ImageObject\",\"inLanguage\":\"lt-LT\",\"@id\":\"https:\/\/dizainoarkliukas.lt\/?p=7698#primaryimage\",\"url\":\"https:\/\/dizainoarkliukas.lt\/wp-content\/uploads\/2026\/04\/Seimui-pateiktos-Svietimo-istatymo-pataisos-kad-mokiniu-mokymosi-kruvi-reguliuotu.jpeg\",\"contentUrl\":\"https:\/\/dizainoarkliukas.lt\/wp-content\/uploads\/2026\/04\/Seimui-pateiktos-Svietimo-istatymo-pataisos-kad-mokiniu-mokymosi-kruvi-reguliuotu.jpeg\",\"width\":2048,\"height\":1365},{\"@type\":\"BreadcrumbList\",\"@id\":\"https:\/\/dizainoarkliukas.lt\/?p=7698#breadcrumb\",\"itemListElement\":[{\"@type\":\"ListItem\",\"position\":1,\"name\":\"Home\",\"item\":\"https:\/\/dizainoarkliukas.lt\/\"},{\"@type\":\"ListItem\",\"position\":2,\"name\":\"Seimui pateiktos \u0160vietimo \u012fstatymo pataisos, kad mokini\u0173 mokymosi kr\u016bv\u012f reguliuot\u0173 \u0161vietimo, o ne sveikatos ministras\"}]},{\"@type\":\"WebSite\",\"@id\":\"https:\/\/dizainoarkliukas.lt\/#website\",\"url\":\"https:\/\/dizainoarkliukas.lt\/\",\"name\":\"DizainoArkliukas.LT\",\"description\":\"Interneto technologijos, blok\u0173 grandin\u0117s, kripto turtas\",\"potentialAction\":[{\"@type\":\"SearchAction\",\"target\":{\"@type\":\"EntryPoint\",\"urlTemplate\":\"https:\/\/dizainoarkliukas.lt\/?s={search_term_string}\"},\"query-input\":{\"@type\":\"PropertyValueSpecification\",\"valueRequired\":true,\"valueName\":\"search_term_string\"}}],\"inLanguage\":\"lt-LT\"},{\"@type\":\"Person\",\"@id\":\"https:\/\/dizainoarkliukas.lt\/#\/schema\/person\/df455e1ad6975b49e5033c007baf6d7c\",\"name\":\"admin\",\"image\":{\"@type\":\"ImageObject\",\"inLanguage\":\"lt-LT\",\"@id\":\"https:\/\/dizainoarkliukas.lt\/#\/schema\/person\/image\/\",\"url\":\"https:\/\/secure.gravatar.com\/avatar\/6323379efae0c70c686c7905444d6bbd?s=96&d=mm&r=g\",\"contentUrl\":\"https:\/\/secure.gravatar.com\/avatar\/6323379efae0c70c686c7905444d6bbd?s=96&d=mm&r=g\",\"caption\":\"admin\"},\"sameAs\":[\"https:\/\/dizainoarkliukas.lt\"],\"url\":\"https:\/\/dizainoarkliukas.lt\/?author=1\"}]}<\/script>\n<!-- \/ Yoast SEO plugin. -->","yoast_head_json":{"title":"Seimui pateiktos \u0160vietimo \u012fstatymo pataisos, kad mokini\u0173 mokymosi kr\u016bv\u012f reguliuot\u0173 \u0161vietimo, o ne sveikatos ministras - DizainoArkliukas.LT","robots":{"index":"index","follow":"follow","max-snippet":"max-snippet:-1","max-image-preview":"max-image-preview:large","max-video-preview":"max-video-preview:-1"},"canonical":"https:\/\/dizainoarkliukas.lt\/?p=7698","og_locale":"lt_LT","og_type":"article","og_title":"Seimui pateiktos \u0160vietimo \u012fstatymo pataisos, kad mokini\u0173 mokymosi kr\u016bv\u012f reguliuot\u0173 \u0161vietimo, o ne sveikatos ministras - DizainoArkliukas.LT","og_description":"Mokini\u0173 mokymosi kr\u016bv\u012f, kiek maksimaliai valand\u0173 mokykloje gali mokytis \u012fvairaus am\u017eiaus mokiniai, nustatys \u0161vietimo, mokslo ir sporto ministro tvirtinami Bendrojo&hellip;","og_url":"https:\/\/dizainoarkliukas.lt\/?p=7698","og_site_name":"DizainoArkliukas.LT","article_published_time":"2026-04-27T23:13:50+00:00","author":"admin","twitter_card":"summary_large_image","twitter_misc":{"Written by":"admin","Est. reading time":"2 minut\u0117s"},"schema":{"@context":"https:\/\/schema.org","@graph":[{"@type":"Article","@id":"https:\/\/dizainoarkliukas.lt\/?p=7698#article","isPartOf":{"@id":"https:\/\/dizainoarkliukas.lt\/?p=7698"},"author":{"name":"admin","@id":"https:\/\/dizainoarkliukas.lt\/#\/schema\/person\/df455e1ad6975b49e5033c007baf6d7c"},"headline":"Seimui pateiktos \u0160vietimo \u012fstatymo pataisos, kad mokini\u0173 mokymosi kr\u016bv\u012f reguliuot\u0173 \u0161vietimo, o ne sveikatos ministras","datePublished":"2026-04-27T23:13:50+00:00","mainEntityOfPage":{"@id":"https:\/\/dizainoarkliukas.lt\/?p=7698"},"wordCount":397,"image":{"@id":"https:\/\/dizainoarkliukas.lt\/?p=7698#primaryimage"},"thumbnailUrl":"https:\/\/dizainoarkliukas.lt\/wp-content\/uploads\/2026\/04\/Seimui-pateiktos-Svietimo-istatymo-pataisos-kad-mokiniu-mokymosi-kruvi-reguliuotu.jpeg","keywords":["\u012fstatymo","kad","kr\u016bv\u012f","ministras","mokini\u0173","mokymosi","pataisos","pateiktos","reguliuot\u0173","Seimui","sveikatos","\u0161vietimo"],"articleSection":["\u0160VIETIMAS IR MOKSLAS"],"inLanguage":"lt-LT"},{"@type":"WebPage","@id":"https:\/\/dizainoarkliukas.lt\/?p=7698","url":"https:\/\/dizainoarkliukas.lt\/?p=7698","name":"Seimui pateiktos \u0160vietimo \u012fstatymo pataisos, kad mokini\u0173 mokymosi kr\u016bv\u012f reguliuot\u0173 \u0161vietimo, o ne sveikatos ministras - DizainoArkliukas.LT","isPartOf":{"@id":"https:\/\/dizainoarkliukas.lt\/#website"},"primaryImageOfPage":{"@id":"https:\/\/dizainoarkliukas.lt\/?p=7698#primaryimage"},"image":{"@id":"https:\/\/dizainoarkliukas.lt\/?p=7698#primaryimage"},"thumbnailUrl":"https:\/\/dizainoarkliukas.lt\/wp-content\/uploads\/2026\/04\/Seimui-pateiktos-Svietimo-istatymo-pataisos-kad-mokiniu-mokymosi-kruvi-reguliuotu.jpeg","datePublished":"2026-04-27T23:13:50+00:00","author":{"@id":"https:\/\/dizainoarkliukas.lt\/#\/schema\/person\/df455e1ad6975b49e5033c007baf6d7c"},"breadcrumb":{"@id":"https:\/\/dizainoarkliukas.lt\/?p=7698#breadcrumb"},"inLanguage":"lt-LT","potentialAction":[{"@type":"ReadAction","target":["https:\/\/dizainoarkliukas.lt\/?p=7698"]}]},{"@type":"ImageObject","inLanguage":"lt-LT","@id":"https:\/\/dizainoarkliukas.lt\/?p=7698#primaryimage","url":"https:\/\/dizainoarkliukas.lt\/wp-content\/uploads\/2026\/04\/Seimui-pateiktos-Svietimo-istatymo-pataisos-kad-mokiniu-mokymosi-kruvi-reguliuotu.jpeg","contentUrl":"https:\/\/dizainoarkliukas.lt\/wp-content\/uploads\/2026\/04\/Seimui-pateiktos-Svietimo-istatymo-pataisos-kad-mokiniu-mokymosi-kruvi-reguliuotu.jpeg","width":2048,"height":1365},{"@type":"BreadcrumbList","@id":"https:\/\/dizainoarkliukas.lt\/?p=7698#breadcrumb","itemListElement":[{"@type":"ListItem","position":1,"name":"Home","item":"https:\/\/dizainoarkliukas.lt\/"},{"@type":"ListItem","position":2,"name":"Seimui pateiktos \u0160vietimo \u012fstatymo pataisos, kad mokini\u0173 mokymosi kr\u016bv\u012f reguliuot\u0173 \u0161vietimo, o ne sveikatos ministras"}]},{"@type":"WebSite","@id":"https:\/\/dizainoarkliukas.lt\/#website","url":"https:\/\/dizainoarkliukas.lt\/","name":"DizainoArkliukas.LT","description":"Interneto technologijos, blok\u0173 grandin\u0117s, kripto turtas","potentialAction":[{"@type":"SearchAction","target":{"@type":"EntryPoint","urlTemplate":"https:\/\/dizainoarkliukas.lt\/?s={search_term_string}"},"query-input":{"@type":"PropertyValueSpecification","valueRequired":true,"valueName":"search_term_string"}}],"inLanguage":"lt-LT"},{"@type":"Person","@id":"https:\/\/dizainoarkliukas.lt\/#\/schema\/person\/df455e1ad6975b49e5033c007baf6d7c","name":"admin","image":{"@type":"ImageObject","inLanguage":"lt-LT","@id":"https:\/\/dizainoarkliukas.lt\/#\/schema\/person\/image\/","url":"https:\/\/secure.gravatar.com\/avatar\/6323379efae0c70c686c7905444d6bbd?s=96&d=mm&r=g","contentUrl":"https:\/\/secure.gravatar.com\/avatar\/6323379efae0c70c686c7905444d6bbd?s=96&d=mm&r=g","caption":"admin"},"sameAs":["https:\/\/dizainoarkliukas.lt"],"url":"https:\/\/dizainoarkliukas.lt\/?author=1"}]}},"jetpack_featured_media_url":"https:\/\/dizainoarkliukas.lt\/wp-content\/uploads\/2026\/04\/Seimui-pateiktos-Svietimo-istatymo-pataisos-kad-mokiniu-mokymosi-kruvi-reguliuotu.jpeg","_links":{"self":[{"href":"https:\/\/dizainoarkliukas.lt\/index.php?rest_route=\/wp\/v2\/posts\/7698","targetHints":{"allow":["GET"]}}],"collection":[{"href":"https:\/\/dizainoarkliukas.lt\/index.php?rest_route=\/wp\/v2\/posts"}],"about":[{"href":"https:\/\/dizainoarkliukas.lt\/index.php?rest_route=\/wp\/v2\/types\/post"}],"author":[{"embeddable":true,"href":"https:\/\/dizainoarkliukas.lt\/index.php?rest_route=\/wp\/v2\/users\/1"}],"replies":[{"embeddable":true,"href":"https:\/\/dizainoarkliukas.lt\/index.php?rest_route=%2Fwp%2Fv2%2Fcomments&post=7698"}],"version-history":[{"count":0,"href":"https:\/\/dizainoarkliukas.lt\/index.php?rest_route=\/wp\/v2\/posts\/7698\/revisions"}],"wp:featuredmedia":[{"embeddable":true,"href":"https:\/\/dizainoarkliukas.lt\/index.php?rest_route=\/wp\/v2\/media\/7699"}],"wp:attachment":[{"href":"https:\/\/dizainoarkliukas.lt\/index.php?rest_route=%2Fwp%2Fv2%2Fmedia&parent=7698"}],"wp:term":[{"taxonomy":"category","embeddable":true,"href":"https:\/\/dizainoarkliukas.lt\/index.php?rest_route=%2Fwp%2Fv2%2Fcategories&post=7698"},{"taxonomy":"post_tag","embeddable":true,"href":"https:\/\/dizainoarkliukas.lt\/index.php?rest_route=%2Fwp%2Fv2%2Ftags&post=7698"}],"curies":[{"name":"wp","href":"https:\/\/api.w.org\/{rel}","templated":true}]}}