{"id":7704,"date":"2026-04-28T07:14:58","date_gmt":"2026-04-28T07:14:58","guid":{"rendered":"https:\/\/dizainoarkliukas.lt\/?p=7704"},"modified":"2026-04-28T07:14:58","modified_gmt":"2026-04-28T07:14:58","slug":"nacionaliniuose-apdovanojimuose-ivertinti-lietuvos-profesinio-mokymo-lyderiai-2","status":"publish","type":"post","link":"https:\/\/dizainoarkliukas.lt\/?p=7704","title":{"rendered":"Nacionaliniuose apdovanojimuose \u012fvertinti Lietuvos profesinio mokymo lyderiai"},"content":{"rendered":"<p><\/p>\n<div>\n<p><strong>Kaune vykusiuose nacionalinio konkurso \u201eMet\u0173 pameistrys 2026\u201c apdovanojimuose pagerbti ry\u0161kiausi Lietuvos profesinio mokymo bendruomen\u0117s atstovai \u2013 pameistriai, meistrai, profesijos mokytojai, \u012fmon\u0117s ir mokymo \u012fstaigos. <\/strong><\/p>\n<p>Pameistryst\u0117s istorijos atskleid\u017eia, kad pameistryst\u0117 \u0161iandien yra kur kas daugiau nei profesijos pasirinkimas \u2013 tai galimyb\u0117 augti, atrasti savo keli\u0105, stiprinti pasitik\u0117jim\u0105 savimi ir kurti ateit\u012f savo rankomis.<\/p>\n<p><!-- Either there are no banners, they are disabled or none qualified for this location! --><\/p>\n<blockquote class=\"wp-block-quote is-layout-flow wp-block-quote-is-layout-flow\">\n<p>\u201eGyvendami spar\u010diai kintan\u010diame pasaulyje meistri\u0161kum\u0105 vertiname juo labiau. Dirbtinis intelektas, technologijos, automatizacija \u2013 visa tai kei\u010dia m\u016bs\u0173 kasdienyb\u0119, bet \u0161iame poky\u010di\u0173 sraute negalime pamir\u0161ti tikr\u0173 \u012fg\u016bd\u017ei\u0173: kurti, taisyti, gaminti savo pa\u010di\u0173 rankomis, matyti ir ap\u010diuopti savo darbo rezultatus. Tod\u0117l jau\u010diame did\u017eiul\u0119 pagarb\u0105 profesij\u0173 meistrams \u2013 u\u017e atkaklum\u0105, kantryb\u0119 ir susitelkim\u0105, kai tiek daug dalyk\u0173 \u0161iandieniniame pasaulyje pra\u0161o m\u016bs\u0173 d\u0117mesio\u201c, \u2013 kalb\u0117jo \u0161vietimo, mokslo ir sporto ministr\u0117 Raminta Popovien\u0117.<\/p>\n<\/blockquote>\n<div id=\"ez-toc-container\" class=\"ez-toc-v2_0_82_2 counter-hierarchy ez-toc-counter ez-toc-grey ez-toc-container-direction\">\n<div class=\"ez-toc-title-container\">\n<p class=\"ez-toc-title\" style=\"cursor:inherit\">Turinys:<\/p>\n<span class=\"ez-toc-title-toggle\"><a href=\"#\" class=\"ez-toc-pull-right ez-toc-btn ez-toc-btn-xs ez-toc-btn-default ez-toc-toggle\" aria-label=\"Toggle Table of Content\"><span class=\"ez-toc-js-icon-con\"><span class=\"\"><span class=\"eztoc-hide\" style=\"display:none;\">Toggle<\/span><span class=\"ez-toc-icon-toggle-span\"><svg style=\"fill: #999;color:#999\" xmlns=\"http:\/\/www.w3.org\/2000\/svg\" class=\"list-377408\" width=\"20px\" height=\"20px\" viewBox=\"0 0 24 24\" fill=\"none\"><path d=\"M6 6H4v2h2V6zm14 0H8v2h12V6zM4 11h2v2H4v-2zm16 0H8v2h12v-2zM4 16h2v2H4v-2zm16 0H8v2h12v-2z\" fill=\"currentColor\"><\/path><\/svg><svg style=\"fill: #999;color:#999\" class=\"arrow-unsorted-368013\" xmlns=\"http:\/\/www.w3.org\/2000\/svg\" width=\"10px\" height=\"10px\" viewBox=\"0 0 24 24\" version=\"1.2\" baseProfile=\"tiny\"><path d=\"M18.2 9.3l-6.2-6.3-6.2 6.3c-.2.2-.3.4-.3.7s.1.5.3.7c.2.2.4.3.7.3h11c.3 0 .5-.1.7-.3.2-.2.3-.5.3-.7s-.1-.5-.3-.7zM5.8 14.7l6.2 6.3 6.2-6.3c.2-.2.3-.5.3-.7s-.1-.5-.3-.7c-.2-.2-.4-.3-.7-.3h-11c-.3 0-.5.1-.7.3-.2.2-.3.5-.3.7s.1.5.3.7z\"\/><\/svg><\/span><\/span><\/span><\/a><\/span><\/div>\n<nav><ul class='ez-toc-list ez-toc-list-level-1 ' ><li class='ez-toc-page-1 ez-toc-heading-level-2'><a class=\"ez-toc-link ez-toc-heading-1\" href=\"https:\/\/dizainoarkliukas.lt\/?p=7704\/#Rekordinis_dalyviu_ir_balsu_skaicius\" >Rekordinis dalyvi\u0173 ir bals\u0173 skai\u010dius<\/a><\/li><li class='ez-toc-page-1 ez-toc-heading-level-2'><a class=\"ez-toc-link ez-toc-heading-2\" href=\"https:\/\/dizainoarkliukas.lt\/?p=7704\/#Pameistryste_%E2%80%93_tiltas_i_sekminga_karjera\" >Pameistryst\u0117 \u2013 tiltas \u012f s\u0117kming\u0105 karjer\u0105<\/a><\/li><li class='ez-toc-page-1 ez-toc-heading-level-2'><a class=\"ez-toc-link ez-toc-heading-3\" href=\"https:\/\/dizainoarkliukas.lt\/?p=7704\/#Meistrai_kurie_ikvepia_dalintis\" >Meistrai, kurie \u012fkvepia dalintis<\/a><\/li><li class='ez-toc-page-1 ez-toc-heading-level-2'><a class=\"ez-toc-link ez-toc-heading-4\" href=\"https:\/\/dizainoarkliukas.lt\/?p=7704\/#Mokytojai_kuriantys_tiltus_tarp_teorijos_ir_praktikos\" >Mokytojai, kuriantys tiltus tarp teorijos ir praktikos<\/a><\/li><li class='ez-toc-page-1 ez-toc-heading-level-2'><a class=\"ez-toc-link ez-toc-heading-5\" href=\"https:\/\/dizainoarkliukas.lt\/?p=7704\/#Verslas_kuris_augina_naujus_talentus\" >Verslas, kuris augina naujus talentus<\/a><\/li><li class='ez-toc-page-1 ez-toc-heading-level-2'><a class=\"ez-toc-link ez-toc-heading-6\" href=\"https:\/\/dizainoarkliukas.lt\/?p=7704\/#Mokymo_istaigos_kurios_keicia_poziuri_i_pameistryste\" >Mokymo \u012fstaigos, kurios kei\u010dia po\u017ei\u016br\u012f \u012f pameistryst\u0119<\/a><\/li><li class='ez-toc-page-1 ez-toc-heading-level-2'><a class=\"ez-toc-link ez-toc-heading-7\" href=\"https:\/\/dizainoarkliukas.lt\/?p=7704\/#Pameistryste_%E2%80%93_tai_daugiau_nei_darbas_tai_augimas_kuryba_ir_pasididziavimas\" >Pameistryst\u0117 \u2013 tai daugiau nei darbas: tai augimas, k\u016bryba ir pasidid\u017eiavimas<\/a><\/li><\/ul><\/nav><\/div>\n<h2 id=\"rekordinis-dalyvi\u0173-ir-bals\u0173-skai\u010dius\" class=\"wp-block-heading\"><span class=\"ez-toc-section\" id=\"Rekordinis_dalyviu_ir_balsu_skaicius\"><\/span>Rekordinis dalyvi\u0173 ir bals\u0173 skai\u010dius<span class=\"ez-toc-section-end\"><\/span><\/h2>\n<p>Nacionalinio konkurso \u201eMet\u0173 pameistrys 2026\u201c vertinimo komisijos pirminink\u0117, Europos socialinio fondo agent\u016bros direktor\u0117 dr. Laura Girlevi\u010dien\u0117 d\u017eiaug\u0117si, kad \u0161i\u0173 met\u0173 konkursas sulauk\u0117 i\u0161skirtinio d\u0117mesio \u2013 buvo gautos 74 parai\u0161kos i\u0161 \u012fvairi\u0173 Lietuvos profesinio mokymo \u012fstaig\u0173, o konkurso istorijos sulauk\u0117 beveik 215 t\u016bkst. naujien\u0173 portalo skaitytoj\u0173 bals\u0173. Istorijas Lietuvos gyventojai pamat\u0117 daugiau nei 600 t\u016bkst. kart\u0173.<\/p>\n<p><!-- Either there are no banners, they are disabled or none qualified for this location! --><\/p>\n<blockquote class=\"wp-block-quote is-layout-flow wp-block-quote-is-layout-flow\">\n<p>\u201ePameistryst\u0117 \u0161iandien yra investicija \u012f Lietuvos ateit\u012f. \u010cia gimsta ne tik profesiniai \u012fg\u016bd\u017eiai, bet ir pasitik\u0117jimas savimi, atsakomyb\u0117 bei motyvacija kurti. Kiekvienas konkurso laureatas rodo, kad profesinis kelias gali vesti \u012f didelius pasiekimus. Kartu auginame ne tik nauj\u0105 talenting\u0173 specialist\u0173 kart\u0105 \u2013 kartu stipriname Lietuvos darbo rinkos ateit\u012f ir kuriame stipresn\u0119 valstyb\u0119\u201c, \u2013 pabr\u0117\u017e\u0117 L. Girlevi\u010dien\u0117.<\/p>\n<\/blockquote>\n<h2 id=\"pameistryst\u0117-tiltas-\u012f-s\u0117kming\u0105-karjer\u0105\" class=\"wp-block-heading\"><span class=\"ez-toc-section\" id=\"Pameistryste_%E2%80%93_tiltas_i_sekminga_karjera\"><\/span>Pameistryst\u0117 \u2013 tiltas \u012f s\u0117kming\u0105 karjer\u0105<span class=\"ez-toc-section-end\"><\/span><\/h2>\n<p>Lietuvos profesinio mokymo \u012fstaig\u0173 asociacijos prezident\u0117 Elena Pelakauskien\u0117 pa\u017eym\u0117jo, kad pameistryst\u0117s s\u0117km\u0119 lemia bendradarbiavimas tarp mokinio, profesinio mokymo \u012fstaigos ir darbdavio. <\/p>\n<p><!-- Either there are no banners, they are disabled or none qualified for this location! --><\/p>\n<blockquote class=\"wp-block-quote is-layout-flow wp-block-quote-is-layout-flow\">\n<p>\u201eLabai d\u017eiaugiuosi, kad nacionalinis konkursas skleid\u017eia \u017einut\u0119 apie profesinio mokymo \u012fstaig\u0173 ir verslo bendradarbiavim\u0105. Kiekvienas \u0161iandien yra laim\u0117tojas ir b\u016bdami vieninga komanda prisidedame prie Lietuvos darbo rinkos ateities\u201c, \u2013 kalb\u0117jo E. Pelakauskien\u0117.<\/p>\n<\/blockquote>\n<p>\u0160i\u0173 met\u0173 konkurso nugal\u0117tojai \u012frod\u0117, kad profesija gali tapti gyvenimo pa\u0161aukimu, o pameistryst\u0117 \u2013 tiltu \u012f s\u0117kming\u0105 karjer\u0105. <\/p>\n<p><!-- Either there are no banners, they are disabled or none qualified for this location! --><\/p>\n<p>\u201eMet\u0173 pameistrys 2026\u201c titul\u0105 ir Skaitytoj\u0173 simpatij\u0173 priz\u0105 peln\u0117 Emilija Strolyt\u0117 i\u0161 Verslo ir svetingumo profesin\u0117s karjeros centro \u2013 jos istorija sulauk\u0117 8 200 bals\u0173. <\/p>\n<p>Antroji vieta atiteko Nazar Voryvoda i\u0161 Vilniaus automechanikos ir verslo mokyklos, o tre\u010dioji vieta broliams Laurynui ir Martynui Puidokams i\u0161 Smalinink\u0173 technologij\u0173 ir verslo mokyklos.<\/p>\n<p>Laureatai akcentavo, kad profesiniame kelyje vien noro neu\u017etenka \u2013 b\u016btinos \u017einios, atkaklumas ir nuolatinis tobul\u0117jimas, o \u0161iame procese itin svarbus profesijos mokytojo palaikymas bei perduodama patirtis. <\/p>\n<blockquote class=\"wp-block-quote is-layout-flow wp-block-quote-is-layout-flow\">\n<p>\u201eTikiu, kad kiekvienas pameistrys jau yra nugal\u0117tojas, nes jam atsiveria daugyb\u0117 galimybi\u0173, o pameistryst\u0117 padeda lengviau siekti karjeros. Svarbiausia myl\u0117ti savo darb\u0105 ir tik\u0117ti tuo, k\u0105 darai \u2013 tuomet net did\u017eiausi i\u0161\u0161\u016bkiai tampa lengviau \u012fveikiami\u201c, \u2013 \u012fvertinimu d\u017eiaug\u0117si pirmosios vietos laim\u0117toja E. Strolyt\u0117.<\/p>\n<\/blockquote>\n<h2 id=\"meistrai-kurie-\u012fkvepia-dalintis\" class=\"wp-block-heading\"><span class=\"ez-toc-section\" id=\"Meistrai_kurie_ikvepia_dalintis\"><\/span>Meistrai, kurie \u012fkvepia dalintis<span class=\"ez-toc-section-end\"><\/span><\/h2>\n<p>\u201eMet\u0173 meistras 2026\u201c apdovanojimas atiteko \u0160ar\u016bnui \u010ceponiui, dirban\u010diam AB \u201eNordic Sugar K\u0117dainiai\u201c, antroji vieta \u2013 Mindaugui Beniu\u0161iui i\u0161 restorano \u201eMeridianas\u201c. <\/p>\n<p>Tre\u010di\u0105j\u0105 viet\u0105 ir Skaitytoj\u0173 simpatij\u0173 priz\u0105 peln\u0117 Virgaudas Klimauskas, atstovaujantis UAB \u201eLanksti linija\u201c, jo istorija sulauk\u0117 45 299 bals\u0173.<\/p>\n<p>Meistrai akcentavo, kad tikras profesionalumas slypi ne vien geb\u0117jime kokybi\u0161kai atlikti darb\u0105, bet ir siekyje savo patirt\u012f bei \u017einias perduoti jaunajai specialist\u0173 kartai. <\/p>\n<p>Pameistryst\u0117je meistras, \u012fmon\u0117 ir visa komanda veikia i\u0161vien, kad jaunas \u017emogus kuo skland\u017eiau \u017eengt\u0173 pirmuosius \u017eingsnius profesiniame kelyje.<\/p>\n<blockquote class=\"wp-block-quote is-layout-flow wp-block-quote-is-layout-flow\">\n<p>\u201eNorisi pad\u0117koti kiekvienam m\u016bs\u0173 \u012fmon\u0117s darbuotojui, kuris prisideda prie pameistryst\u0117s mokymosi formos \u012fgyvendinimo. Europos S\u0105jungos investicijos Lietuvoje \u012f pameistryst\u0119 suteikia jauniems specialistams daugiau galimybi\u0173 lengviau \u012fsilieti \u012f darbo rink\u0105 ir dr\u0105siau kurti savo ateit\u012f\u201c, \u2013 akcentavo pirmosios vietos laim\u0117tojas \u0160. \u010ceponis.<\/p>\n<\/blockquote>\n<h2 id=\"mokytojai-kuriantys-tiltus-tarp-teorijos-ir-praktikos\" class=\"wp-block-heading\"><span class=\"ez-toc-section\" id=\"Mokytojai_kuriantys_tiltus_tarp_teorijos_ir_praktikos\"><\/span>Mokytojai, kuriantys tiltus tarp teorijos ir praktikos<span class=\"ez-toc-section-end\"><\/span><\/h2>\n<p>\u201eMet\u0173 profesijos mokytojo 2026\u201c titulas atiteko Denisui Udovi\u010denko i\u0161 Visagino in\u017einerijos ir technologijos mokymo centro. <\/p>\n<p>Antroji vieta skirta Martynui Ka\u0161elioniui i\u0161 Kauno informacini\u0173 technologij\u0173 mokyklos, o tre\u010dioji \u2013 Valdui Stasi\u016bnui i\u0161 Verslo ir svetingumo profesin\u0117s karjeros centro. <\/p>\n<p>M. Ka\u0161elioniui taip pat atiteko Skaitytoj\u0173 simpatij\u0173 prizas \u2013 jo istorija sulauk\u0117 42 786 skaitytoj\u0173 bals\u0173. <\/p>\n<p>Mokytojai pabr\u0117\u017e\u0117, kad j\u0173 misija \u2013 pad\u0117ti mokiniams ne tik \u012fgyti \u017eini\u0173, bet ir atrasti pasitik\u0117jim\u0105 savimi, kuris b\u016btinas siekiant profesinio meistri\u0161kumo.<\/p>\n<h2 id=\"verslas-kuris-augina-naujus-talentus\" class=\"wp-block-heading\"><span class=\"ez-toc-section\" id=\"Verslas_kuris_augina_naujus_talentus\"><\/span>Verslas, kuris augina naujus talentus<span class=\"ez-toc-section-end\"><\/span><\/h2>\n<p>\u201eMet\u0173 \u012fmon\u0117s 2026\u201c nominacijoje nugal\u0117toja tapo UAB \u201eAlantas\u201c, antr\u0105j\u0105 viet\u0105 peln\u0117 UAB \u201eKIKA Group\u201c. Pastarajai \u012fmonei skaitytojai skyr\u0117 ir Skaitytoj\u0173 simpatij\u0173 priz\u0105 \u2013 jos istorija sulauk\u0117 14\u00a0441 balso. Tre\u010dioji vieta atiteko UAB \u201eStevila\u201c.<\/p>\n<p>\u012emoni\u0173 atstovai pabr\u0117\u017e\u0117, kad pameistryst\u0117s mokymosi forma padeda auginti nauj\u0105 kvalifikuot\u0173 ir motyvuot\u0173 specialist\u0173 kart\u0105. <\/p>\n<p>Kiekvienas pameistrys \u012fmon\u0117je yra laukiamas, nes atsine\u0161a smalsum\u0105, nor\u0105 mokytis, nauj\u0105 po\u017ei\u016br\u012f ir tampa svarbia komandos bei ateities augimo dalimi.<\/p>\n<h2 id=\"mokymo-\u012fstaigos-kurios-kei\u010dia-po\u017ei\u016br\u012f-\u012f-pameistryst\u0119\" class=\"wp-block-heading\"><span class=\"ez-toc-section\" id=\"Mokymo_istaigos_kurios_keicia_poziuri_i_pameistryste\"><\/span>Mokymo \u012fstaigos, kurios kei\u010dia po\u017ei\u016br\u012f \u012f pameistryst\u0119<span class=\"ez-toc-section-end\"><\/span><\/h2>\n<p>\u201eMet\u0173 profesinio mokymo \u012fstaigos 2026\u201c vardas \u0161iemet atiteko Visagino in\u017einerijos ir technologijos mokymo centrui. <\/p>\n<p>Antroji vieta ir Skaitytoj\u0173 simpatij\u0173 prizas \u2013 Taurag\u0117s profesinio rengimo centrui, \u0161ios profesinio mokymo \u012fstaigos istorija sulauk\u0117 7 592 bals\u0173, tre\u010dioji \u2013 Verslo ir svetingumo profesin\u0117s karjeros centrui.<\/p>\n<p>Profesinio mokymo \u012fstaig\u0173 atstovai pabr\u0117\u017e\u0117, kad pameistryst\u0117je svarbiausia yra komanda, partneryst\u0117 ir bendras tikslas parengti stiprius specialistus atei\u010diai. <\/p>\n<p>Pasak j\u0173, d\u0117l Europos S\u0105jungos investicij\u0173 \u0161vietimas ir verslas \u0161iandien vis da\u017eniau kalba viena kalba ir kartu kuria jaunam specialistui reikalingas galimybes ir keli\u0105 \u012f darbo rink\u0105.<\/p>\n<p>Visagino in\u017einerijos ir technologijos mokymo centro direktorius Vytautas Petk\u016bnas teig\u0117, kad d\u017eiugu b\u016bti viena pirm\u0173j\u0173 profesinio mokymo \u012fstaig\u0173, prad\u0117jusi\u0173 taikyti pameistryst\u0117s model\u012f Lietuvoje. <\/p>\n<blockquote class=\"wp-block-quote is-layout-flow wp-block-quote-is-layout-flow\">\n<p>\u201eDid\u017eiuojam\u0117s nueitu keliu ir jau\u010diame atsakomyb\u0119 nenuvilti verslo partneri\u0173 pasitik\u0117jimo, kartu kuriant kokybi\u0161k\u0105 profesinio mokymo ateit\u012f\u201c, \u2013 sak\u0117 V. Petk\u016bnas.<\/p>\n<\/blockquote>\n<h2 id=\"pameistryst\u0117-tai-daugiau-nei-darbas-tai-augimas-k\u016bryba-ir-pasidid\u017eiavimas\" class=\"wp-block-heading\"><span class=\"ez-toc-section\" id=\"Pameistryste_%E2%80%93_tai_daugiau_nei_darbas_tai_augimas_kuryba_ir_pasididziavimas\"><\/span><strong>Pameistryst\u0117 \u2013 tai daugiau nei darbas: tai augimas, k\u016bryba ir pasidid\u017eiavimas<\/strong><span class=\"ez-toc-section-end\"><\/span><\/h2>\n<p>Pameistryst\u0117 \u2013 tai mokymosi forma, jungianti teorij\u0105 su praktika, kai \u017einios \u012fgyjamos ne tik klas\u0117je, bet ir realioje darbo aplinkoje \u0161alia patyrusi\u0173 specialist\u0173. <\/p>\n<p>\u0160i patirtis padeda mokiniams atrasti pasitik\u0117jim\u0105 savimi, ugdo k\u016brybi\u0161kum\u0105 ir moko atsakomyb\u0117s \u2013 vertybi\u0173, kurios buvo jau\u010diamos ir \u0161i\u0173 met\u0173 konkurso atmosferoje.<\/p>\n<p>Konkursas kasmet sulaukia vis didesnio profesinio mokymo bendruomen\u0117s palaikymo ir \u012fsitraukimo. <\/p>\n<p>U\u017e \u0161i\u0105 \u0161vent\u0119 puo\u0161usias g\u0117li\u0173 kompozicijas nuo\u0161ird\u017eiai d\u0117kojame Karaliaus Mindaugo profesinio mokymo centro floristikos studijai bei jos talentingiems mokiniams. <\/p>\n<p>U\u017e Skaitytoj\u0173 simpatij\u0173 prizus tariame a\u010di\u016b Kauno maisto pramon\u0117s ir prekybos mokymo centrui. <\/p>\n<p>J\u016bs\u0173 ind\u0117lis kuria \u0161vent\u0119, bendryst\u0119 ir dar stipresn\u012f profesinio mokymo bendruomen\u0117s ry\u0161\u012f.<\/p>\n<p>Renginio erdv\u0119 puo\u0161usius floristikos k\u016brinius specialiai \u0161iai progai pareng\u0117 Karaliaus Mindaugo profesinio mokymo centro floristikos mokiniai, vadovaujami profesijos mokytojos Erikos Pratapien\u0117s. <\/p>\n<p>\u0160ios kompozicijos tapo jautriu priminimu, kad profesinis meistri\u0161kumas gimsta i\u0161 k\u016brybos, kruop\u0161tumo ir meil\u0117s savo amatui. <\/p>\n<blockquote class=\"wp-block-quote is-layout-flow wp-block-quote-is-layout-flow\">\n<p>\u201eNor\u0117jome, kad g\u0117l\u0117s tapt\u0173 gyvu pad\u0117kos simboliu \u2013 u\u017e darb\u0105, kantryb\u0119 ir k\u016bryb\u0105. Kiekvienas \u017eiedas \u010dia pasakoja savo istorij\u0105, kaip ir kiekvienas pameistrys\u201c, \u2013 sak\u0117 E. Pratapien\u0117.<\/p>\n<\/blockquote>\n<p>Renginys siekia ne tik pagerbti geriausius, bet ir parodyti, kad pameistryst\u0117 \u2013 tai daugiau nei mokymosi forma. <\/p>\n<p>Tai galimyb\u0117, jungianti jaunus specialistus, darbdavius ir profesinio mokymo \u012fstaigas, kur \u017einios virsta praktika, o pastangos \u2013 pasiekimais.<\/p>\n<p>\u010cia susitinka talentingiausi pameistriai, atsidav\u0119 meistrai, inovatyv\u016bs profesijos mokytojai, pa\u017eangios \u012fmon\u0117s ir stipriausios profesin\u0117s mokyklos \u2013 visi, kurie savo darbu formuoja Lietuvos darbo rinkos ateit\u012f. <\/p>\n<p>Pameistryst\u0117s istorijos \u2013 tai pasakojimai apie darb\u0105, augim\u0105 ir tik\u0117jim\u0105 savo profesija, jie kuria stipresn\u0119 ir k\u016brybingesn\u0119 Lietuv\u0105.<\/p>\n<p>Nacionalinis konkursas \u201eMet\u0173 pameistrys 2026\u201c yra projekto \u201ePameistryst\u0117s vie\u0161inimas Lietuvoje\u201c dalis. <\/p>\n<p>Projekt\u0105 \u012fgyvendina Europos socialinio fondo agent\u016bra.\u00a0Projektas finansuojamas Ekonomikos gaivinimo ir atsparumo didinimo plano \u201eNaujos kartos Lietuva\u201c l\u0117\u0161omis.<\/p>\n<figure class=\"wp-block-image\"><\/figure>\n<pre class=\"wp-block-verse\">\u2022 Europos socialinio fondo agent\u016bros nuotr.<\/pre>\n<div class=\"g g-82\">\n<div class=\"g-single a-233\"><img decoding=\"async\" src=\"https:\/\/miestonaujienos.lt\/wp-content\/uploads\/2026\/02\/Savivalsybiu-zinios-2026-e1770085405454.png\" width=\"100%\"\/><\/div>\n<\/div><\/div>\n<p><a href=\"https:\/\/miestonaujienos.lt\/nauja-karta-renkasi-pameistryste-nacionaliniuose-apdovanojimuose-ivertinti-lietuvos-profesinio-mokymo-lyderiai\/\"> Nuoroda \u012f informacijos \u0161altin\u012f <\/a><\/p>\n","protected":false},"excerpt":{"rendered":"<p>Kaune vykusiuose nacionalinio konkurso \u201eMet\u0173 pameistrys 2026\u201c apdovanojimuose pagerbti ry\u0161kiausi Lietuvos profesinio mokymo bendruomen\u0117s atstovai \u2013 pameistriai, meistrai, profesijos mokytojai,&hellip;<\/p>\n","protected":false},"author":1,"featured_media":7705,"comment_status":"","ping_status":"","sticky":false,"template":"","format":"standard","meta":{"om_disable_all_campaigns":false,"_monsterinsights_skip_tracking":false,"_monsterinsights_sitenote_active":false,"_monsterinsights_sitenote_note":"","_monsterinsights_sitenote_category":0,"footnotes":""},"categories":[51],"tags":[6920,6904,52,5003,1222,4257,2191],"class_list":["post-7704","post","type-post","status-publish","format-standard","has-post-thumbnail","hentry","category-svietimas-ir-mokslas","tag-apdovanojimuose","tag-ivertinti","tag-lietuvos","tag-lyderiai","tag-mokymo","tag-nacionaliniuose","tag-profesinio"],"aioseo_notices":[],"yoast_head":"<!-- This site is optimized with the Yoast SEO plugin v26.8 - https:\/\/yoast.com\/product\/yoast-seo-wordpress\/ -->\n<title>Nacionaliniuose apdovanojimuose \u012fvertinti Lietuvos profesinio mokymo lyderiai - DizainoArkliukas.LT<\/title>\n<meta name=\"robots\" content=\"index, follow, max-snippet:-1, max-image-preview:large, max-video-preview:-1\" \/>\n<link rel=\"canonical\" href=\"https:\/\/dizainoarkliukas.lt\/?p=7704\" \/>\n<meta property=\"og:locale\" content=\"lt_LT\" \/>\n<meta property=\"og:type\" content=\"article\" \/>\n<meta property=\"og:title\" content=\"Nacionaliniuose apdovanojimuose \u012fvertinti Lietuvos profesinio mokymo lyderiai - DizainoArkliukas.LT\" \/>\n<meta property=\"og:description\" content=\"Kaune vykusiuose nacionalinio konkurso \u201eMet\u0173 pameistrys 2026\u201c apdovanojimuose pagerbti ry\u0161kiausi Lietuvos profesinio mokymo bendruomen\u0117s atstovai \u2013 pameistriai, meistrai, profesijos mokytojai,&hellip;\" \/>\n<meta property=\"og:url\" content=\"https:\/\/dizainoarkliukas.lt\/?p=7704\" \/>\n<meta property=\"og:site_name\" content=\"DizainoArkliukas.LT\" \/>\n<meta property=\"article:published_time\" content=\"2026-04-28T07:14:58+00:00\" \/>\n<meta property=\"og:image\" content=\"https:\/\/smsm.lrv.lt\/public\/canonical\/1763720602\/7153\/lt-finansuojama-europos-sajungos_pos.jpg\" \/>\n<meta name=\"author\" content=\"admin\" \/>\n<meta name=\"twitter:card\" content=\"summary_large_image\" \/>\n<meta name=\"twitter:label1\" content=\"Written by\" \/>\n\t<meta name=\"twitter:data1\" content=\"admin\" \/>\n\t<meta name=\"twitter:label2\" content=\"Est. reading time\" \/>\n\t<meta name=\"twitter:data2\" content=\"6 minut\u0117s\" \/>\n<script type=\"application\/ld+json\" class=\"yoast-schema-graph\">{\"@context\":\"https:\/\/schema.org\",\"@graph\":[{\"@type\":\"Article\",\"@id\":\"https:\/\/dizainoarkliukas.lt\/?p=7704#article\",\"isPartOf\":{\"@id\":\"https:\/\/dizainoarkliukas.lt\/?p=7704\"},\"author\":{\"name\":\"admin\",\"@id\":\"https:\/\/dizainoarkliukas.lt\/#\/schema\/person\/df455e1ad6975b49e5033c007baf6d7c\"},\"headline\":\"Nacionaliniuose apdovanojimuose \u012fvertinti Lietuvos profesinio mokymo lyderiai\",\"datePublished\":\"2026-04-28T07:14:58+00:00\",\"mainEntityOfPage\":{\"@id\":\"https:\/\/dizainoarkliukas.lt\/?p=7704\"},\"wordCount\":1248,\"image\":{\"@id\":\"https:\/\/dizainoarkliukas.lt\/?p=7704#primaryimage\"},\"thumbnailUrl\":\"https:\/\/dizainoarkliukas.lt\/wp-content\/uploads\/2026\/04\/Nacionaliniuose-apdovanojimuose-ivertinti-Lietuvos-profesinio-mokymo-lyderiai.jpeg\",\"keywords\":[\"apdovanojimuose\",\"\u012fvertinti\",\"Lietuvos\",\"lyderiai\",\"mokymo\",\"nacionaliniuose\",\"profesinio\"],\"articleSection\":[\"\u0160VIETIMAS IR MOKSLAS\"],\"inLanguage\":\"lt-LT\"},{\"@type\":\"WebPage\",\"@id\":\"https:\/\/dizainoarkliukas.lt\/?p=7704\",\"url\":\"https:\/\/dizainoarkliukas.lt\/?p=7704\",\"name\":\"Nacionaliniuose apdovanojimuose \u012fvertinti Lietuvos profesinio mokymo lyderiai - DizainoArkliukas.LT\",\"isPartOf\":{\"@id\":\"https:\/\/dizainoarkliukas.lt\/#website\"},\"primaryImageOfPage\":{\"@id\":\"https:\/\/dizainoarkliukas.lt\/?p=7704#primaryimage\"},\"image\":{\"@id\":\"https:\/\/dizainoarkliukas.lt\/?p=7704#primaryimage\"},\"thumbnailUrl\":\"https:\/\/dizainoarkliukas.lt\/wp-content\/uploads\/2026\/04\/Nacionaliniuose-apdovanojimuose-ivertinti-Lietuvos-profesinio-mokymo-lyderiai.jpeg\",\"datePublished\":\"2026-04-28T07:14:58+00:00\",\"author\":{\"@id\":\"https:\/\/dizainoarkliukas.lt\/#\/schema\/person\/df455e1ad6975b49e5033c007baf6d7c\"},\"breadcrumb\":{\"@id\":\"https:\/\/dizainoarkliukas.lt\/?p=7704#breadcrumb\"},\"inLanguage\":\"lt-LT\",\"potentialAction\":[{\"@type\":\"ReadAction\",\"target\":[\"https:\/\/dizainoarkliukas.lt\/?p=7704\"]}]},{\"@type\":\"ImageObject\",\"inLanguage\":\"lt-LT\",\"@id\":\"https:\/\/dizainoarkliukas.lt\/?p=7704#primaryimage\",\"url\":\"https:\/\/dizainoarkliukas.lt\/wp-content\/uploads\/2026\/04\/Nacionaliniuose-apdovanojimuose-ivertinti-Lietuvos-profesinio-mokymo-lyderiai.jpeg\",\"contentUrl\":\"https:\/\/dizainoarkliukas.lt\/wp-content\/uploads\/2026\/04\/Nacionaliniuose-apdovanojimuose-ivertinti-Lietuvos-profesinio-mokymo-lyderiai.jpeg\",\"width\":1200,\"height\":711},{\"@type\":\"BreadcrumbList\",\"@id\":\"https:\/\/dizainoarkliukas.lt\/?p=7704#breadcrumb\",\"itemListElement\":[{\"@type\":\"ListItem\",\"position\":1,\"name\":\"Home\",\"item\":\"https:\/\/dizainoarkliukas.lt\/\"},{\"@type\":\"ListItem\",\"position\":2,\"name\":\"Nacionaliniuose apdovanojimuose \u012fvertinti Lietuvos profesinio mokymo lyderiai\"}]},{\"@type\":\"WebSite\",\"@id\":\"https:\/\/dizainoarkliukas.lt\/#website\",\"url\":\"https:\/\/dizainoarkliukas.lt\/\",\"name\":\"DizainoArkliukas.LT\",\"description\":\"Interneto technologijos, blok\u0173 grandin\u0117s, kripto turtas\",\"potentialAction\":[{\"@type\":\"SearchAction\",\"target\":{\"@type\":\"EntryPoint\",\"urlTemplate\":\"https:\/\/dizainoarkliukas.lt\/?s={search_term_string}\"},\"query-input\":{\"@type\":\"PropertyValueSpecification\",\"valueRequired\":true,\"valueName\":\"search_term_string\"}}],\"inLanguage\":\"lt-LT\"},{\"@type\":\"Person\",\"@id\":\"https:\/\/dizainoarkliukas.lt\/#\/schema\/person\/df455e1ad6975b49e5033c007baf6d7c\",\"name\":\"admin\",\"image\":{\"@type\":\"ImageObject\",\"inLanguage\":\"lt-LT\",\"@id\":\"https:\/\/dizainoarkliukas.lt\/#\/schema\/person\/image\/\",\"url\":\"https:\/\/secure.gravatar.com\/avatar\/6323379efae0c70c686c7905444d6bbd?s=96&d=mm&r=g\",\"contentUrl\":\"https:\/\/secure.gravatar.com\/avatar\/6323379efae0c70c686c7905444d6bbd?s=96&d=mm&r=g\",\"caption\":\"admin\"},\"sameAs\":[\"https:\/\/dizainoarkliukas.lt\"],\"url\":\"https:\/\/dizainoarkliukas.lt\/?author=1\"}]}<\/script>\n<!-- \/ Yoast SEO plugin. -->","yoast_head_json":{"title":"Nacionaliniuose apdovanojimuose \u012fvertinti Lietuvos profesinio mokymo lyderiai - DizainoArkliukas.LT","robots":{"index":"index","follow":"follow","max-snippet":"max-snippet:-1","max-image-preview":"max-image-preview:large","max-video-preview":"max-video-preview:-1"},"canonical":"https:\/\/dizainoarkliukas.lt\/?p=7704","og_locale":"lt_LT","og_type":"article","og_title":"Nacionaliniuose apdovanojimuose \u012fvertinti Lietuvos profesinio mokymo lyderiai - DizainoArkliukas.LT","og_description":"Kaune vykusiuose nacionalinio konkurso \u201eMet\u0173 pameistrys 2026\u201c apdovanojimuose pagerbti ry\u0161kiausi Lietuvos profesinio mokymo bendruomen\u0117s atstovai \u2013 pameistriai, meistrai, profesijos mokytojai,&hellip;","og_url":"https:\/\/dizainoarkliukas.lt\/?p=7704","og_site_name":"DizainoArkliukas.LT","article_published_time":"2026-04-28T07:14:58+00:00","og_image":[{"url":"https:\/\/smsm.lrv.lt\/public\/canonical\/1763720602\/7153\/lt-finansuojama-europos-sajungos_pos.jpg","type":"","width":"","height":""}],"author":"admin","twitter_card":"summary_large_image","twitter_misc":{"Written by":"admin","Est. reading time":"6 minut\u0117s"},"schema":{"@context":"https:\/\/schema.org","@graph":[{"@type":"Article","@id":"https:\/\/dizainoarkliukas.lt\/?p=7704#article","isPartOf":{"@id":"https:\/\/dizainoarkliukas.lt\/?p=7704"},"author":{"name":"admin","@id":"https:\/\/dizainoarkliukas.lt\/#\/schema\/person\/df455e1ad6975b49e5033c007baf6d7c"},"headline":"Nacionaliniuose apdovanojimuose \u012fvertinti Lietuvos profesinio mokymo lyderiai","datePublished":"2026-04-28T07:14:58+00:00","mainEntityOfPage":{"@id":"https:\/\/dizainoarkliukas.lt\/?p=7704"},"wordCount":1248,"image":{"@id":"https:\/\/dizainoarkliukas.lt\/?p=7704#primaryimage"},"thumbnailUrl":"https:\/\/dizainoarkliukas.lt\/wp-content\/uploads\/2026\/04\/Nacionaliniuose-apdovanojimuose-ivertinti-Lietuvos-profesinio-mokymo-lyderiai.jpeg","keywords":["apdovanojimuose","\u012fvertinti","Lietuvos","lyderiai","mokymo","nacionaliniuose","profesinio"],"articleSection":["\u0160VIETIMAS IR MOKSLAS"],"inLanguage":"lt-LT"},{"@type":"WebPage","@id":"https:\/\/dizainoarkliukas.lt\/?p=7704","url":"https:\/\/dizainoarkliukas.lt\/?p=7704","name":"Nacionaliniuose apdovanojimuose \u012fvertinti Lietuvos profesinio mokymo lyderiai - DizainoArkliukas.LT","isPartOf":{"@id":"https:\/\/dizainoarkliukas.lt\/#website"},"primaryImageOfPage":{"@id":"https:\/\/dizainoarkliukas.lt\/?p=7704#primaryimage"},"image":{"@id":"https:\/\/dizainoarkliukas.lt\/?p=7704#primaryimage"},"thumbnailUrl":"https:\/\/dizainoarkliukas.lt\/wp-content\/uploads\/2026\/04\/Nacionaliniuose-apdovanojimuose-ivertinti-Lietuvos-profesinio-mokymo-lyderiai.jpeg","datePublished":"2026-04-28T07:14:58+00:00","author":{"@id":"https:\/\/dizainoarkliukas.lt\/#\/schema\/person\/df455e1ad6975b49e5033c007baf6d7c"},"breadcrumb":{"@id":"https:\/\/dizainoarkliukas.lt\/?p=7704#breadcrumb"},"inLanguage":"lt-LT","potentialAction":[{"@type":"ReadAction","target":["https:\/\/dizainoarkliukas.lt\/?p=7704"]}]},{"@type":"ImageObject","inLanguage":"lt-LT","@id":"https:\/\/dizainoarkliukas.lt\/?p=7704#primaryimage","url":"https:\/\/dizainoarkliukas.lt\/wp-content\/uploads\/2026\/04\/Nacionaliniuose-apdovanojimuose-ivertinti-Lietuvos-profesinio-mokymo-lyderiai.jpeg","contentUrl":"https:\/\/dizainoarkliukas.lt\/wp-content\/uploads\/2026\/04\/Nacionaliniuose-apdovanojimuose-ivertinti-Lietuvos-profesinio-mokymo-lyderiai.jpeg","width":1200,"height":711},{"@type":"BreadcrumbList","@id":"https:\/\/dizainoarkliukas.lt\/?p=7704#breadcrumb","itemListElement":[{"@type":"ListItem","position":1,"name":"Home","item":"https:\/\/dizainoarkliukas.lt\/"},{"@type":"ListItem","position":2,"name":"Nacionaliniuose apdovanojimuose \u012fvertinti Lietuvos profesinio mokymo lyderiai"}]},{"@type":"WebSite","@id":"https:\/\/dizainoarkliukas.lt\/#website","url":"https:\/\/dizainoarkliukas.lt\/","name":"DizainoArkliukas.LT","description":"Interneto technologijos, blok\u0173 grandin\u0117s, kripto turtas","potentialAction":[{"@type":"SearchAction","target":{"@type":"EntryPoint","urlTemplate":"https:\/\/dizainoarkliukas.lt\/?s={search_term_string}"},"query-input":{"@type":"PropertyValueSpecification","valueRequired":true,"valueName":"search_term_string"}}],"inLanguage":"lt-LT"},{"@type":"Person","@id":"https:\/\/dizainoarkliukas.lt\/#\/schema\/person\/df455e1ad6975b49e5033c007baf6d7c","name":"admin","image":{"@type":"ImageObject","inLanguage":"lt-LT","@id":"https:\/\/dizainoarkliukas.lt\/#\/schema\/person\/image\/","url":"https:\/\/secure.gravatar.com\/avatar\/6323379efae0c70c686c7905444d6bbd?s=96&d=mm&r=g","contentUrl":"https:\/\/secure.gravatar.com\/avatar\/6323379efae0c70c686c7905444d6bbd?s=96&d=mm&r=g","caption":"admin"},"sameAs":["https:\/\/dizainoarkliukas.lt"],"url":"https:\/\/dizainoarkliukas.lt\/?author=1"}]}},"jetpack_featured_media_url":"https:\/\/dizainoarkliukas.lt\/wp-content\/uploads\/2026\/04\/Nacionaliniuose-apdovanojimuose-ivertinti-Lietuvos-profesinio-mokymo-lyderiai.jpeg","_links":{"self":[{"href":"https:\/\/dizainoarkliukas.lt\/index.php?rest_route=\/wp\/v2\/posts\/7704","targetHints":{"allow":["GET"]}}],"collection":[{"href":"https:\/\/dizainoarkliukas.lt\/index.php?rest_route=\/wp\/v2\/posts"}],"about":[{"href":"https:\/\/dizainoarkliukas.lt\/index.php?rest_route=\/wp\/v2\/types\/post"}],"author":[{"embeddable":true,"href":"https:\/\/dizainoarkliukas.lt\/index.php?rest_route=\/wp\/v2\/users\/1"}],"replies":[{"embeddable":true,"href":"https:\/\/dizainoarkliukas.lt\/index.php?rest_route=%2Fwp%2Fv2%2Fcomments&post=7704"}],"version-history":[{"count":0,"href":"https:\/\/dizainoarkliukas.lt\/index.php?rest_route=\/wp\/v2\/posts\/7704\/revisions"}],"wp:featuredmedia":[{"embeddable":true,"href":"https:\/\/dizainoarkliukas.lt\/index.php?rest_route=\/wp\/v2\/media\/7705"}],"wp:attachment":[{"href":"https:\/\/dizainoarkliukas.lt\/index.php?rest_route=%2Fwp%2Fv2%2Fmedia&parent=7704"}],"wp:term":[{"taxonomy":"category","embeddable":true,"href":"https:\/\/dizainoarkliukas.lt\/index.php?rest_route=%2Fwp%2Fv2%2Fcategories&post=7704"},{"taxonomy":"post_tag","embeddable":true,"href":"https:\/\/dizainoarkliukas.lt\/index.php?rest_route=%2Fwp%2Fv2%2Ftags&post=7704"}],"curies":[{"name":"wp","href":"https:\/\/api.w.org\/{rel}","templated":true}]}}