{"id":7735,"date":"2026-04-30T07:20:50","date_gmt":"2026-04-30T07:20:50","guid":{"rendered":"https:\/\/dizainoarkliukas.lt\/?p=7735"},"modified":"2026-04-30T07:20:50","modified_gmt":"2026-04-30T07:20:50","slug":"rygos-lietuviu-vidurines-mokyklos-vadove-tapome-viena-is-lyderiaujanciu-svietimo-istaigu","status":"publish","type":"post","link":"https:\/\/dizainoarkliukas.lt\/?p=7735","title":{"rendered":"Rygos lietuvi\u0173 vidurin\u0117s mokyklos vadov\u0117: tapome viena i\u0161 lyderiaujan\u010di\u0173 \u0161vietimo \u012fstaig\u0173"},"content":{"rendered":"<p><\/p>\n<div>\n<p><span><span><span><span>Baland\u017eio 24 dien\u0105 ministr\u0117 Raminta Popovien\u0117 dalyvavo Rygos lietuvi\u0173 vidurin\u0117s mokyklos 35-me\u010dio min\u0117jime. Ji <\/span>susitiko su mokiniais, mokytojais, lank\u0117si naujame mokyklos pastate.<\/span><\/span><\/span><\/p>\n<p><!-- Either there are no banners, they are disabled or none qualified for this location! --><\/p>\n<p><span><span><span>\u201ePer \u0161iuos metus mokykla tapo reik\u0161mingu lietuvi\u0173 kalbos, kult\u016bros ir tautin\u0117s tapatyb\u0117s puosel\u0117jimo \u017eidiniu Latvijoje. Jauni \u017emon\u0117s \u010dia ne tik \u012fgyja \u017eini\u0173, bet ir ugdomi pilieti\u0161komis asmenyb\u0117mis, geban\u010diomis tvirtai jaustis dvikult\u016br\u0117je aplinkoje. J\u016bs\u0173 veikla svarbi ne tik Rygos lietuvi\u0173 bendruomenei, bet ir Lietuvos bendradarbiavimo su Latvija stiprinimui\u201c, \u2013 sveikindama i\u0161kilmi\u0173 dalyvius sak\u0117 ministr\u0117 Raminta Popovien\u0117.  <\/span><\/span><\/span><\/p>\n<p><span><span><span>Rygos lietuvi\u0173 vidurin\u0117 mokykla \u012fkurta 1991 metais. <span>Mokykla dirba pagal Latvijos \u0161vietimo ir mokslo ministerijos patvirtintus ugdymo standartus. Joje taip pat d\u0117stoma lietuvi\u0173 kalba, etnokult\u016bra, Lietuvos istorija ir geografija, veikia dramos ir \u0161oki\u0173 kolektyvai bei \u012fvair\u016bs b\u016breliai. Lietuvi\u0173 kalba privaloma nuo 1 klas\u0117s. <\/span><\/span><\/span><\/span><\/p>\n<p><!-- Either there are no banners, they are disabled or none qualified for this location! --><\/p>\n<p><span><span><span><span>Lietuvos Respublikos \u0161vietimo, mokslo ir sporto ministerija mokyklai yra skyrusi du mokyklinius autobusiukus, apr\u016bpina kompiuterine ir kitokia \u012franga.<\/span><\/span><\/span><\/span><\/p>\n<p><span><span><span><span>Kasmet augant mokini\u0173 skai\u010diui mokyklai prie\u0161 kelet\u0105 met\u0173 buvo perduotos papildomos patalpos. Padedant Lietuvos \u0161vietimo, mokslo ir sporto ministerijai ir \u012fgyvendinant tarpvalstybin\u0119 sutart\u012f, patalpos atnaujinamos, pritaikomos mokytis pagal \u0161iuolaikinius poreikius. <\/span><\/span><\/span><\/span><\/p>\n<p><!-- Either there are no banners, they are disabled or none qualified for this location! --><\/p>\n<p><span><span><span><span>2025\u20132026 mokslo metais 35 klas\u0117se mokosi 751 mokinys. <\/span><\/span><\/span><\/span><\/p>\n<p><span><span><span><span>\u201eMatyti, kaip m\u016bs\u0173 mokykla auga ir stipr\u0117ja, yra did\u017eiausias \u012fvertinimas visai komandai. Tapimas viena i\u0161 lyderiaujan\u010di\u0173 \u0161vietimo \u012fstaig\u0173 Rygoje nebuvo atsitiktinumas \u2013 tai kryptingo darbo, nuolatini\u0173 investicij\u0173 \u012f mokymosi aplink\u0105 ir stipraus ry\u0161io su gimt\u0105ja Lietuva rezultatas. Did\u017eiuojam\u0117s, kad vis daugiau \u0161eim\u0173 renkasi m\u016bs\u0173 mokykl\u0105 ne tik d\u0117l auk\u0161t\u0173 akademini\u0173 pasiekim\u0173, bet ir d\u0117l unikalios vertybin\u0117s a\u0161ies. \u0160iandien esame moderni, atsinaujinanti ir ambicinga mokykla, kurioje kiekvienas mokinys gauna geriausi\u0105 start\u0105 atei\u010diai\u201c, \u2013 sako \u00a0mokyklos direktor\u0117 Jolanta Nagle. <\/span><\/span><\/span><\/span><\/p>\n<p><span><span><span><span>Rygos lietuvi\u0173 vidurin\u0117 mokykla laikoma viena geriausi\u0173 mokykl\u0173 Latvijoje, pasi\u017eymi gerais centralizuot\u0173 egzamin\u0173 rezultatais.<\/span><\/span><\/span><\/span><\/p>\n<\/div>\n<p><a href=\"https:\/\/miestonaujienos.lt\/rygos-lietuviu-vidurines-mokyklos-vadove-tapome-viena-is-lyderiaujanciu-svietimo-istaigu\/\"> Nuoroda \u012f informacijos \u0161altin\u012f <\/a><\/p>\n","protected":false},"excerpt":{"rendered":"<p>Baland\u017eio 24 dien\u0105 ministr\u0117 Raminta Popovien\u0117 dalyvavo Rygos lietuvi\u0173 vidurin\u0117s mokyklos 35-me\u010dio min\u0117jime. Ji susitiko su mokiniais, mokytojais, lank\u0117si naujame&hellip;<\/p>\n","protected":false},"author":1,"featured_media":7736,"comment_status":"","ping_status":"","sticky":false,"template":"","format":"standard","meta":{"om_disable_all_campaigns":false,"_monsterinsights_skip_tracking":false,"_monsterinsights_sitenote_active":false,"_monsterinsights_sitenote_note":"","_monsterinsights_sitenote_category":0,"footnotes":""},"categories":[51],"tags":[313,8801,1906,10480,2649,7220,195,10479,10478,10477,10],"class_list":["post-7735","post","type-post","status-publish","format-standard","has-post-thumbnail","hentry","category-svietimas-ir-mokslas","tag-is","tag-istaigu","tag-lietuviu","tag-lyderiaujanciu","tag-mokyklos","tag-rygos","tag-svietimo","tag-tapome","tag-vadove","tag-vidurines","tag-viena"],"aioseo_notices":[],"yoast_head":"<!-- This site is optimized with the Yoast SEO plugin v26.8 - https:\/\/yoast.com\/product\/yoast-seo-wordpress\/ -->\n<title>Rygos lietuvi\u0173 vidurin\u0117s mokyklos vadov\u0117: tapome viena i\u0161 lyderiaujan\u010di\u0173 \u0161vietimo \u012fstaig\u0173 - DizainoArkliukas.LT<\/title>\n<meta name=\"robots\" content=\"index, follow, max-snippet:-1, max-image-preview:large, max-video-preview:-1\" \/>\n<link rel=\"canonical\" href=\"https:\/\/dizainoarkliukas.lt\/?p=7735\" \/>\n<meta property=\"og:locale\" content=\"lt_LT\" \/>\n<meta property=\"og:type\" content=\"article\" \/>\n<meta property=\"og:title\" content=\"Rygos lietuvi\u0173 vidurin\u0117s mokyklos vadov\u0117: tapome viena i\u0161 lyderiaujan\u010di\u0173 \u0161vietimo \u012fstaig\u0173 - DizainoArkliukas.LT\" \/>\n<meta property=\"og:description\" content=\"Baland\u017eio 24 dien\u0105 ministr\u0117 Raminta Popovien\u0117 dalyvavo Rygos lietuvi\u0173 vidurin\u0117s mokyklos 35-me\u010dio min\u0117jime. Ji susitiko su mokiniais, mokytojais, lank\u0117si naujame&hellip;\" \/>\n<meta property=\"og:url\" content=\"https:\/\/dizainoarkliukas.lt\/?p=7735\" \/>\n<meta property=\"og:site_name\" content=\"DizainoArkliukas.LT\" \/>\n<meta property=\"article:published_time\" content=\"2026-04-30T07:20:50+00:00\" \/>\n<meta name=\"author\" content=\"admin\" \/>\n<meta name=\"twitter:card\" content=\"summary_large_image\" \/>\n<meta name=\"twitter:label1\" content=\"Written by\" \/>\n\t<meta name=\"twitter:data1\" content=\"admin\" \/>\n\t<meta name=\"twitter:label2\" content=\"Est. reading time\" \/>\n\t<meta name=\"twitter:data2\" content=\"2 minut\u0117s\" \/>\n<script type=\"application\/ld+json\" class=\"yoast-schema-graph\">{\"@context\":\"https:\/\/schema.org\",\"@graph\":[{\"@type\":\"Article\",\"@id\":\"https:\/\/dizainoarkliukas.lt\/?p=7735#article\",\"isPartOf\":{\"@id\":\"https:\/\/dizainoarkliukas.lt\/?p=7735\"},\"author\":{\"name\":\"admin\",\"@id\":\"https:\/\/dizainoarkliukas.lt\/#\/schema\/person\/df455e1ad6975b49e5033c007baf6d7c\"},\"headline\":\"Rygos lietuvi\u0173 vidurin\u0117s mokyklos vadov\u0117: tapome viena i\u0161 lyderiaujan\u010di\u0173 \u0161vietimo \u012fstaig\u0173\",\"datePublished\":\"2026-04-30T07:20:50+00:00\",\"mainEntityOfPage\":{\"@id\":\"https:\/\/dizainoarkliukas.lt\/?p=7735\"},\"wordCount\":315,\"image\":{\"@id\":\"https:\/\/dizainoarkliukas.lt\/?p=7735#primaryimage\"},\"thumbnailUrl\":\"https:\/\/dizainoarkliukas.lt\/wp-content\/uploads\/2026\/04\/Rygos-lietuviu-vidurines-mokyklos-vadove-tapome-viena-is-lyderiaujanciu-svietimo.jpeg\",\"keywords\":[\"i\u0161\",\"\u012fstaig\u0173\",\"Lietuvi\u0173\",\"lyderiaujan\u010di\u0173\",\"mokyklos\",\"Rygos\",\"\u0161vietimo\",\"tapome\",\"vadov\u0117\",\"vidurin\u0117s\",\"vien\u0105\"],\"articleSection\":[\"\u0160VIETIMAS IR MOKSLAS\"],\"inLanguage\":\"lt-LT\"},{\"@type\":\"WebPage\",\"@id\":\"https:\/\/dizainoarkliukas.lt\/?p=7735\",\"url\":\"https:\/\/dizainoarkliukas.lt\/?p=7735\",\"name\":\"Rygos lietuvi\u0173 vidurin\u0117s mokyklos vadov\u0117: tapome viena i\u0161 lyderiaujan\u010di\u0173 \u0161vietimo \u012fstaig\u0173 - DizainoArkliukas.LT\",\"isPartOf\":{\"@id\":\"https:\/\/dizainoarkliukas.lt\/#website\"},\"primaryImageOfPage\":{\"@id\":\"https:\/\/dizainoarkliukas.lt\/?p=7735#primaryimage\"},\"image\":{\"@id\":\"https:\/\/dizainoarkliukas.lt\/?p=7735#primaryimage\"},\"thumbnailUrl\":\"https:\/\/dizainoarkliukas.lt\/wp-content\/uploads\/2026\/04\/Rygos-lietuviu-vidurines-mokyklos-vadove-tapome-viena-is-lyderiaujanciu-svietimo.jpeg\",\"datePublished\":\"2026-04-30T07:20:50+00:00\",\"author\":{\"@id\":\"https:\/\/dizainoarkliukas.lt\/#\/schema\/person\/df455e1ad6975b49e5033c007baf6d7c\"},\"breadcrumb\":{\"@id\":\"https:\/\/dizainoarkliukas.lt\/?p=7735#breadcrumb\"},\"inLanguage\":\"lt-LT\",\"potentialAction\":[{\"@type\":\"ReadAction\",\"target\":[\"https:\/\/dizainoarkliukas.lt\/?p=7735\"]}]},{\"@type\":\"ImageObject\",\"inLanguage\":\"lt-LT\",\"@id\":\"https:\/\/dizainoarkliukas.lt\/?p=7735#primaryimage\",\"url\":\"https:\/\/dizainoarkliukas.lt\/wp-content\/uploads\/2026\/04\/Rygos-lietuviu-vidurines-mokyklos-vadove-tapome-viena-is-lyderiaujanciu-svietimo.jpeg\",\"contentUrl\":\"https:\/\/dizainoarkliukas.lt\/wp-content\/uploads\/2026\/04\/Rygos-lietuviu-vidurines-mokyklos-vadove-tapome-viena-is-lyderiaujanciu-svietimo.jpeg\",\"width\":1581,\"height\":1184},{\"@type\":\"BreadcrumbList\",\"@id\":\"https:\/\/dizainoarkliukas.lt\/?p=7735#breadcrumb\",\"itemListElement\":[{\"@type\":\"ListItem\",\"position\":1,\"name\":\"Home\",\"item\":\"https:\/\/dizainoarkliukas.lt\/\"},{\"@type\":\"ListItem\",\"position\":2,\"name\":\"Rygos lietuvi\u0173 vidurin\u0117s mokyklos vadov\u0117: tapome viena i\u0161 lyderiaujan\u010di\u0173 \u0161vietimo \u012fstaig\u0173\"}]},{\"@type\":\"WebSite\",\"@id\":\"https:\/\/dizainoarkliukas.lt\/#website\",\"url\":\"https:\/\/dizainoarkliukas.lt\/\",\"name\":\"DizainoArkliukas.LT\",\"description\":\"Interneto technologijos, blok\u0173 grandin\u0117s, kripto turtas\",\"potentialAction\":[{\"@type\":\"SearchAction\",\"target\":{\"@type\":\"EntryPoint\",\"urlTemplate\":\"https:\/\/dizainoarkliukas.lt\/?s={search_term_string}\"},\"query-input\":{\"@type\":\"PropertyValueSpecification\",\"valueRequired\":true,\"valueName\":\"search_term_string\"}}],\"inLanguage\":\"lt-LT\"},{\"@type\":\"Person\",\"@id\":\"https:\/\/dizainoarkliukas.lt\/#\/schema\/person\/df455e1ad6975b49e5033c007baf6d7c\",\"name\":\"admin\",\"image\":{\"@type\":\"ImageObject\",\"inLanguage\":\"lt-LT\",\"@id\":\"https:\/\/dizainoarkliukas.lt\/#\/schema\/person\/image\/\",\"url\":\"https:\/\/secure.gravatar.com\/avatar\/6323379efae0c70c686c7905444d6bbd?s=96&d=mm&r=g\",\"contentUrl\":\"https:\/\/secure.gravatar.com\/avatar\/6323379efae0c70c686c7905444d6bbd?s=96&d=mm&r=g\",\"caption\":\"admin\"},\"sameAs\":[\"https:\/\/dizainoarkliukas.lt\"],\"url\":\"https:\/\/dizainoarkliukas.lt\/?author=1\"}]}<\/script>\n<!-- \/ Yoast SEO plugin. -->","yoast_head_json":{"title":"Rygos lietuvi\u0173 vidurin\u0117s mokyklos vadov\u0117: tapome viena i\u0161 lyderiaujan\u010di\u0173 \u0161vietimo \u012fstaig\u0173 - DizainoArkliukas.LT","robots":{"index":"index","follow":"follow","max-snippet":"max-snippet:-1","max-image-preview":"max-image-preview:large","max-video-preview":"max-video-preview:-1"},"canonical":"https:\/\/dizainoarkliukas.lt\/?p=7735","og_locale":"lt_LT","og_type":"article","og_title":"Rygos lietuvi\u0173 vidurin\u0117s mokyklos vadov\u0117: tapome viena i\u0161 lyderiaujan\u010di\u0173 \u0161vietimo \u012fstaig\u0173 - DizainoArkliukas.LT","og_description":"Baland\u017eio 24 dien\u0105 ministr\u0117 Raminta Popovien\u0117 dalyvavo Rygos lietuvi\u0173 vidurin\u0117s mokyklos 35-me\u010dio min\u0117jime. Ji susitiko su mokiniais, mokytojais, lank\u0117si naujame&hellip;","og_url":"https:\/\/dizainoarkliukas.lt\/?p=7735","og_site_name":"DizainoArkliukas.LT","article_published_time":"2026-04-30T07:20:50+00:00","author":"admin","twitter_card":"summary_large_image","twitter_misc":{"Written by":"admin","Est. reading time":"2 minut\u0117s"},"schema":{"@context":"https:\/\/schema.org","@graph":[{"@type":"Article","@id":"https:\/\/dizainoarkliukas.lt\/?p=7735#article","isPartOf":{"@id":"https:\/\/dizainoarkliukas.lt\/?p=7735"},"author":{"name":"admin","@id":"https:\/\/dizainoarkliukas.lt\/#\/schema\/person\/df455e1ad6975b49e5033c007baf6d7c"},"headline":"Rygos lietuvi\u0173 vidurin\u0117s mokyklos vadov\u0117: tapome viena i\u0161 lyderiaujan\u010di\u0173 \u0161vietimo \u012fstaig\u0173","datePublished":"2026-04-30T07:20:50+00:00","mainEntityOfPage":{"@id":"https:\/\/dizainoarkliukas.lt\/?p=7735"},"wordCount":315,"image":{"@id":"https:\/\/dizainoarkliukas.lt\/?p=7735#primaryimage"},"thumbnailUrl":"https:\/\/dizainoarkliukas.lt\/wp-content\/uploads\/2026\/04\/Rygos-lietuviu-vidurines-mokyklos-vadove-tapome-viena-is-lyderiaujanciu-svietimo.jpeg","keywords":["i\u0161","\u012fstaig\u0173","Lietuvi\u0173","lyderiaujan\u010di\u0173","mokyklos","Rygos","\u0161vietimo","tapome","vadov\u0117","vidurin\u0117s","vien\u0105"],"articleSection":["\u0160VIETIMAS IR MOKSLAS"],"inLanguage":"lt-LT"},{"@type":"WebPage","@id":"https:\/\/dizainoarkliukas.lt\/?p=7735","url":"https:\/\/dizainoarkliukas.lt\/?p=7735","name":"Rygos lietuvi\u0173 vidurin\u0117s mokyklos vadov\u0117: tapome viena i\u0161 lyderiaujan\u010di\u0173 \u0161vietimo \u012fstaig\u0173 - DizainoArkliukas.LT","isPartOf":{"@id":"https:\/\/dizainoarkliukas.lt\/#website"},"primaryImageOfPage":{"@id":"https:\/\/dizainoarkliukas.lt\/?p=7735#primaryimage"},"image":{"@id":"https:\/\/dizainoarkliukas.lt\/?p=7735#primaryimage"},"thumbnailUrl":"https:\/\/dizainoarkliukas.lt\/wp-content\/uploads\/2026\/04\/Rygos-lietuviu-vidurines-mokyklos-vadove-tapome-viena-is-lyderiaujanciu-svietimo.jpeg","datePublished":"2026-04-30T07:20:50+00:00","author":{"@id":"https:\/\/dizainoarkliukas.lt\/#\/schema\/person\/df455e1ad6975b49e5033c007baf6d7c"},"breadcrumb":{"@id":"https:\/\/dizainoarkliukas.lt\/?p=7735#breadcrumb"},"inLanguage":"lt-LT","potentialAction":[{"@type":"ReadAction","target":["https:\/\/dizainoarkliukas.lt\/?p=7735"]}]},{"@type":"ImageObject","inLanguage":"lt-LT","@id":"https:\/\/dizainoarkliukas.lt\/?p=7735#primaryimage","url":"https:\/\/dizainoarkliukas.lt\/wp-content\/uploads\/2026\/04\/Rygos-lietuviu-vidurines-mokyklos-vadove-tapome-viena-is-lyderiaujanciu-svietimo.jpeg","contentUrl":"https:\/\/dizainoarkliukas.lt\/wp-content\/uploads\/2026\/04\/Rygos-lietuviu-vidurines-mokyklos-vadove-tapome-viena-is-lyderiaujanciu-svietimo.jpeg","width":1581,"height":1184},{"@type":"BreadcrumbList","@id":"https:\/\/dizainoarkliukas.lt\/?p=7735#breadcrumb","itemListElement":[{"@type":"ListItem","position":1,"name":"Home","item":"https:\/\/dizainoarkliukas.lt\/"},{"@type":"ListItem","position":2,"name":"Rygos lietuvi\u0173 vidurin\u0117s mokyklos vadov\u0117: tapome viena i\u0161 lyderiaujan\u010di\u0173 \u0161vietimo \u012fstaig\u0173"}]},{"@type":"WebSite","@id":"https:\/\/dizainoarkliukas.lt\/#website","url":"https:\/\/dizainoarkliukas.lt\/","name":"DizainoArkliukas.LT","description":"Interneto technologijos, blok\u0173 grandin\u0117s, kripto turtas","potentialAction":[{"@type":"SearchAction","target":{"@type":"EntryPoint","urlTemplate":"https:\/\/dizainoarkliukas.lt\/?s={search_term_string}"},"query-input":{"@type":"PropertyValueSpecification","valueRequired":true,"valueName":"search_term_string"}}],"inLanguage":"lt-LT"},{"@type":"Person","@id":"https:\/\/dizainoarkliukas.lt\/#\/schema\/person\/df455e1ad6975b49e5033c007baf6d7c","name":"admin","image":{"@type":"ImageObject","inLanguage":"lt-LT","@id":"https:\/\/dizainoarkliukas.lt\/#\/schema\/person\/image\/","url":"https:\/\/secure.gravatar.com\/avatar\/6323379efae0c70c686c7905444d6bbd?s=96&d=mm&r=g","contentUrl":"https:\/\/secure.gravatar.com\/avatar\/6323379efae0c70c686c7905444d6bbd?s=96&d=mm&r=g","caption":"admin"},"sameAs":["https:\/\/dizainoarkliukas.lt"],"url":"https:\/\/dizainoarkliukas.lt\/?author=1"}]}},"jetpack_featured_media_url":"https:\/\/dizainoarkliukas.lt\/wp-content\/uploads\/2026\/04\/Rygos-lietuviu-vidurines-mokyklos-vadove-tapome-viena-is-lyderiaujanciu-svietimo.jpeg","_links":{"self":[{"href":"https:\/\/dizainoarkliukas.lt\/index.php?rest_route=\/wp\/v2\/posts\/7735","targetHints":{"allow":["GET"]}}],"collection":[{"href":"https:\/\/dizainoarkliukas.lt\/index.php?rest_route=\/wp\/v2\/posts"}],"about":[{"href":"https:\/\/dizainoarkliukas.lt\/index.php?rest_route=\/wp\/v2\/types\/post"}],"author":[{"embeddable":true,"href":"https:\/\/dizainoarkliukas.lt\/index.php?rest_route=\/wp\/v2\/users\/1"}],"replies":[{"embeddable":true,"href":"https:\/\/dizainoarkliukas.lt\/index.php?rest_route=%2Fwp%2Fv2%2Fcomments&post=7735"}],"version-history":[{"count":0,"href":"https:\/\/dizainoarkliukas.lt\/index.php?rest_route=\/wp\/v2\/posts\/7735\/revisions"}],"wp:featuredmedia":[{"embeddable":true,"href":"https:\/\/dizainoarkliukas.lt\/index.php?rest_route=\/wp\/v2\/media\/7736"}],"wp:attachment":[{"href":"https:\/\/dizainoarkliukas.lt\/index.php?rest_route=%2Fwp%2Fv2%2Fmedia&parent=7735"}],"wp:term":[{"taxonomy":"category","embeddable":true,"href":"https:\/\/dizainoarkliukas.lt\/index.php?rest_route=%2Fwp%2Fv2%2Fcategories&post=7735"},{"taxonomy":"post_tag","embeddable":true,"href":"https:\/\/dizainoarkliukas.lt\/index.php?rest_route=%2Fwp%2Fv2%2Ftags&post=7735"}],"curies":[{"name":"wp","href":"https:\/\/api.w.org\/{rel}","templated":true}]}}